{"id":5137,"date":"2015-07-06T15:15:57","date_gmt":"2015-07-06T20:15:57","guid":{"rendered":"https:\/\/emisora.univalle.edu.co\/\/?p=5137"},"modified":"2015-07-06T15:15:57","modified_gmt":"2015-07-06T20:15:57","slug":"baila-colombia-regalo-que-la-orquesta-del-instituto-popular-de-cultura-le-hace-cali","status":"publish","type":"post","link":"https:\/\/emisora.univalle.edu.co\/index.php\/baila-colombia-regalo-que-la-orquesta-del-instituto-popular-de-cultura-le-hace-cali\/","title":{"rendered":"Baila Colombia: regalo que la Orquesta del Instituto Popular de Cultura le hace a Cali"},"content":{"rendered":"<p><span style=\"line-height: 1.5em;\">La capital vallecaucana recibir\u00e1 este martes 7 de julio, un regalo de parte de la Orquesta del Instituto Popular de Cultura &#8211; IPC, dirigida por el maestro Edgar Gallego. Se trata de \u2018Baila Colombia\u2019, un trabajo musical que recopila lo mejor de la cumbia, el porro, el currulao, el joropo y el bolero entre otros ritmos colombianos.<\/span><\/p>\n<p>En una gran noche de gala en el Teatro Municipal Enrique Buenaventura, los m\u00fasicos de la Orquesta del IPC har\u00e1n entrega de este regalo, que busca al mismo, hacer muestra del talento que posee la agrupaci\u00f3n.<\/p>\n<p>\u201cBaila Colombia es un CD que se realiz\u00f3 con la Orquesta del IPC y que recogi\u00f3 los temas m\u00e1s conocidos de la regi\u00f3n Atl\u00e1ntica, Caribe, Llanos Orientales, la regi\u00f3n Andina y por supuesto de la regi\u00f3n Pac\u00edfica. Es un homenaje no s\u00f3lo a Edgar Gallego por sus 28 a\u00f1os de culto a la m\u00fasica colombiana, sino tambi\u00e9n a aquellos amantes de nuestra hermosa m\u00fasica colombiana\u201d, afirmo Mar\u00eda del Pilar Meza D\u00edaz, rectora del IPC.<\/p>\n<p>La ciudadan\u00eda tendr\u00e1 la oportunidad de presenciar y disfrutar de \u2018Baila Colombia\u2019 con la Orquesta del IPC, el pr\u00f3ximo 7 de julio a las 7:00 de la noche, en concierto que ser\u00e1 gratuito.<\/p>\n<p>Para ingresar deben reclamar las boletas en las instalaciones del IPC sede San Fernando, ubicada en la calle 4 # 27 &#8211; 140 o en Funm\u00fasica, en la Avenida 4N # 36N &#8211; 36. Para m\u00e1s informes comun\u00edquese a la l\u00ednea 514 1773 \u00a0o terminada en 83.<\/p>\n<p><strong>Para tener en cuenta<\/strong><\/p>\n<p>Hace 17 a\u00f1os fue conformada la Orquesta del Instituto Popular de Cultura \u2013 IPC, por estudiantes, egresados y m\u00fasicos cercanos a la instituci\u00f3n, quienes han ofrecido un gran n\u00famero de conciertos en universidades, colegios y festivales de m\u00fasica con una gran interpretaci\u00f3n de la m\u00fasica tropical.<\/p>\n<p>El a\u00f1o pasado la orquesta tuvo la oportunidad de presentarse en uno de los eventos m\u00e1s importantes del pa\u00eds, el Festival del Mono N\u00fa\u00f1ez, en Ginebra \u2013 Valle. En octubre de ese mismo a\u00f1o la orquesta grabo un CD con 16 obras de diferentes compositores, obras que fueron incluidas en la publicaci\u00f3n anual que el Instituto hace de su revista P\u00e1ginas de Cultura.<\/p>\n<p><strong>Fuente: Comunicaciones IPC<\/strong><\/p>\n","protected":false},"excerpt":{"rendered":"<p>La capital vallecaucana recibir\u00e1 este martes 7 de julio, un regalo de parte de la Orquesta del Instituto Popular de Cultura &#8211; IPC, dirigida por el maestro Edgar Gallego. Se trata de \u2018Baila Colombia\u2019, un trabajo musical que recopila lo mejor de la cumbia, el porro, el currulao, el joropo[&#8230;]<\/p>\n","protected":false},"author":1,"featured_media":5123,"comment_status":"open","ping_status":"open","sticky":false,"template":"","format":"standard","meta":{"footnotes":""},"categories":[4],"tags":[],"_links":{"self":[{"href":"https:\/\/emisora.univalle.edu.co\/index.php\/wp-json\/wp\/v2\/posts\/5137"}],"collection":[{"href":"https:\/\/emisora.univalle.edu.co\/index.php\/wp-json\/wp\/v2\/posts"}],"about":[{"href":"https:\/\/emisora.univalle.edu.co\/index.php\/wp-json\/wp\/v2\/types\/post"}],"author":[{"embeddable":true,"href":"https:\/\/emisora.univalle.edu.co\/index.php\/wp-json\/wp\/v2\/users\/1"}],"replies":[{"embeddable":true,"href":"https:\/\/emisora.univalle.edu.co\/index.php\/wp-json\/wp\/v2\/comments?post=5137"}],"version-history":[{"count":1,"href":"https:\/\/emisora.univalle.edu.co\/index.php\/wp-json\/wp\/v2\/posts\/5137\/revisions"}],"predecessor-version":[{"id":5138,"href":"https:\/\/emisora.univalle.edu.co\/index.php\/wp-json\/wp\/v2\/posts\/5137\/revisions\/5138"}],"wp:featuredmedia":[{"embeddable":true,"href":"https:\/\/emisora.univalle.edu.co\/index.php\/wp-json\/wp\/v2\/media\/5123"}],"wp:attachment":[{"href":"https:\/\/emisora.univalle.edu.co\/index.php\/wp-json\/wp\/v2\/media?parent=5137"}],"wp:term":[{"taxonomy":"category","embeddable":true,"href":"https:\/\/emisora.univalle.edu.co\/index.php\/wp-json\/wp\/v2\/categories?post=5137"},{"taxonomy":"post_tag","embeddable":true,"href":"https:\/\/emisora.univalle.edu.co\/index.php\/wp-json\/wp\/v2\/tags?post=5137"}],"curies":[{"name":"wp","href":"https:\/\/api.w.org\/{rel}","templated":true}]}}