{"id":5165,"date":"2015-07-07T14:37:04","date_gmt":"2015-07-07T19:37:04","guid":{"rendered":"https:\/\/emisora.univalle.edu.co\/\/?p=5165"},"modified":"2015-07-07T14:41:25","modified_gmt":"2015-07-07T19:41:25","slug":"ultimos-dias-para-inscripcion-en-arte-teatral","status":"publish","type":"post","link":"https:\/\/emisora.univalle.edu.co\/index.php\/ultimos-dias-para-inscripcion-en-arte-teatral\/","title":{"rendered":"\u00daltimos d\u00edas para inscripci\u00f3n en Arte Teatral"},"content":{"rendered":"<p><span style=\"line-height: 1.5em;\">La Gobernaci\u00f3n del Valle del Cauca a trav\u00e9s del Instituto Departamental de Bellas Artes brinda a los ni\u00f1os y j\u00f3venes vallecaucanos la oportunidad de pertenecer al mundo del teatro.<\/span><\/p>\n<p>Por eso desde el pasado 16 de Junio est\u00e1n abiertas las inscripciones para el Programa de Formaci\u00f3n Infantil y Juvenil en Arte Teatral.<br \/>\nSi tienes el inter\u00e9s para acercarte al mundo del teatro y desarrollar habilidades emocionales, sociales, culturales y art\u00edsticas, no puedes perderte esta oportunidad.<\/p>\n<p>El programa est\u00e1 dirigido a ni\u00f1os entre 8 y 10 a\u00f1os y j\u00f3venes entre 11 y 13 a\u00f1os.<\/p>\n<p>Las inscripciones est\u00e1n abiertas hasta este 16 de Julio de 2015. Para todos los interesados mayor informaci\u00f3n pbx 620 3333 ext. 600<\/p>\n<p>Fuente: Comunicaciones Gobernaci\u00f3n<\/p>\n","protected":false},"excerpt":{"rendered":"<p>La Gobernaci\u00f3n del Valle del Cauca a trav\u00e9s del Instituto Departamental de Bellas Artes brinda a los ni\u00f1os y j\u00f3venes vallecaucanos la oportunidad de pertenecer al mundo del teatro. Por eso desde el pasado 16 de Junio est\u00e1n abiertas las inscripciones para el Programa de Formaci\u00f3n Infantil y Juvenil en[&#8230;]<\/p>\n","protected":false},"author":1,"featured_media":5151,"comment_status":"open","ping_status":"open","sticky":false,"template":"","format":"standard","meta":{"footnotes":""},"categories":[4],"tags":[],"_links":{"self":[{"href":"https:\/\/emisora.univalle.edu.co\/index.php\/wp-json\/wp\/v2\/posts\/5165"}],"collection":[{"href":"https:\/\/emisora.univalle.edu.co\/index.php\/wp-json\/wp\/v2\/posts"}],"about":[{"href":"https:\/\/emisora.univalle.edu.co\/index.php\/wp-json\/wp\/v2\/types\/post"}],"author":[{"embeddable":true,"href":"https:\/\/emisora.univalle.edu.co\/index.php\/wp-json\/wp\/v2\/users\/1"}],"replies":[{"embeddable":true,"href":"https:\/\/emisora.univalle.edu.co\/index.php\/wp-json\/wp\/v2\/comments?post=5165"}],"version-history":[{"count":2,"href":"https:\/\/emisora.univalle.edu.co\/index.php\/wp-json\/wp\/v2\/posts\/5165\/revisions"}],"predecessor-version":[{"id":5168,"href":"https:\/\/emisora.univalle.edu.co\/index.php\/wp-json\/wp\/v2\/posts\/5165\/revisions\/5168"}],"wp:featuredmedia":[{"embeddable":true,"href":"https:\/\/emisora.univalle.edu.co\/index.php\/wp-json\/wp\/v2\/media\/5151"}],"wp:attachment":[{"href":"https:\/\/emisora.univalle.edu.co\/index.php\/wp-json\/wp\/v2\/media?parent=5165"}],"wp:term":[{"taxonomy":"category","embeddable":true,"href":"https:\/\/emisora.univalle.edu.co\/index.php\/wp-json\/wp\/v2\/categories?post=5165"},{"taxonomy":"post_tag","embeddable":true,"href":"https:\/\/emisora.univalle.edu.co\/index.php\/wp-json\/wp\/v2\/tags?post=5165"}],"curies":[{"name":"wp","href":"https:\/\/api.w.org\/{rel}","templated":true}]}}