{"id":5171,"date":"2015-07-07T14:44:01","date_gmt":"2015-07-07T19:44:01","guid":{"rendered":"https:\/\/emisora.univalle.edu.co\/\/?p=5171"},"modified":"2015-07-07T14:44:01","modified_gmt":"2015-07-07T19:44:01","slug":"presidente-nombro-nuevos-comandantes-de-ejercito-armada-y-fac","status":"publish","type":"post","link":"https:\/\/emisora.univalle.edu.co\/index.php\/presidente-nombro-nuevos-comandantes-de-ejercito-armada-y-fac\/","title":{"rendered":"Presidente nombr\u00f3 nuevos comandantes de Ej\u00e9rcito, Armada y FAC"},"content":{"rendered":"<p><span style=\"line-height: 1.5em;\">El Presidente Juan Manuel Santos anunci\u00f3 este lunes cambios en la c\u00fapula militar, a los que consider\u00f3 como procedimientos normales, necesarios y de la naturaleza misma de las instituciones.<\/span><br \/>\nEl Mandatario precis\u00f3 que \u201cpasa a ser Comandante de nuestro Ej\u00e9rcito el general Alberto Mej\u00eda Ferrero, pasa a ser Comandante de nuestra Armada el almirante Leonardo Santamar\u00eda y pasa a ser Comandante de nuestra Fuerza A\u00e9rea el general Carlos Bueno\u201d.<\/p>\n<p>Adem\u00e1s, el Jefe de Estado ratific\u00f3 al Comandante de las Fuerzas Militares, general Juan Pablo Rodr\u00edguez; al Director de la Polic\u00eda Nacional, general Rodolfo Palomino, y al Jefe de Estado Mayor Conjunto, almirante Henry Blain.<\/p>\n<p>Al dar a conocer esta noticia en la Casa de Nari\u00f1o, el Presidente de la Rep\u00fablica agradeci\u00f3 a los comandantes salientes del Ej\u00e9rcito, la FAC y la Armada \u2013generales Jaime Lasprilla, Guillermo Le\u00f3n y Hernando Wills\u2013 su colaboraci\u00f3n con el Gobierno y su servicio al pa\u00eds.<\/p>\n<p>\u201cDecirles que sus servicios, en este momento crucial de la historia del pa\u00eds, han sido determinantes, han sido muy positivos, y que salen de ocupar el m\u00e1s alto cargo que puede ocupar cualquier miembro de nuestras Fuerzas Militares como ser comandantes de sus respectivas fuerzas, con la frente en alto, llenos de orgullo y llenos de honor\u201d, expres\u00f3.<\/p>\n<p>\u201cEn la vida militar y policial alguien dec\u00eda que uno sabe cu\u00e1ndo entra pero no sabe cu\u00e1ndo sale, porque es una instituci\u00f3n \u2013las Fuerzas Armadas\u2013 piramidal, que requiere renovaci\u00f3n permanente. La gente que viene de abajo va surgiendo, va escalando, y esa es la naturaleza misma en nuestras Fuerzas Armadas\u201d, concluy\u00f3 el Presidente Santos.<\/p>\n","protected":false},"excerpt":{"rendered":"<p>El Presidente Juan Manuel Santos anunci\u00f3 este lunes cambios en la c\u00fapula militar, a los que consider\u00f3 como procedimientos normales, necesarios y de la naturaleza misma de las instituciones. El Mandatario precis\u00f3 que \u201cpasa a ser Comandante de nuestro Ej\u00e9rcito el general Alberto Mej\u00eda Ferrero, pasa a ser Comandante de[&#8230;]<\/p>\n","protected":false},"author":1,"featured_media":5155,"comment_status":"open","ping_status":"open","sticky":false,"template":"","format":"standard","meta":{"footnotes":""},"categories":[4],"tags":[],"_links":{"self":[{"href":"https:\/\/emisora.univalle.edu.co\/index.php\/wp-json\/wp\/v2\/posts\/5171"}],"collection":[{"href":"https:\/\/emisora.univalle.edu.co\/index.php\/wp-json\/wp\/v2\/posts"}],"about":[{"href":"https:\/\/emisora.univalle.edu.co\/index.php\/wp-json\/wp\/v2\/types\/post"}],"author":[{"embeddable":true,"href":"https:\/\/emisora.univalle.edu.co\/index.php\/wp-json\/wp\/v2\/users\/1"}],"replies":[{"embeddable":true,"href":"https:\/\/emisora.univalle.edu.co\/index.php\/wp-json\/wp\/v2\/comments?post=5171"}],"version-history":[{"count":1,"href":"https:\/\/emisora.univalle.edu.co\/index.php\/wp-json\/wp\/v2\/posts\/5171\/revisions"}],"predecessor-version":[{"id":5172,"href":"https:\/\/emisora.univalle.edu.co\/index.php\/wp-json\/wp\/v2\/posts\/5171\/revisions\/5172"}],"wp:featuredmedia":[{"embeddable":true,"href":"https:\/\/emisora.univalle.edu.co\/index.php\/wp-json\/wp\/v2\/media\/5155"}],"wp:attachment":[{"href":"https:\/\/emisora.univalle.edu.co\/index.php\/wp-json\/wp\/v2\/media?parent=5171"}],"wp:term":[{"taxonomy":"category","embeddable":true,"href":"https:\/\/emisora.univalle.edu.co\/index.php\/wp-json\/wp\/v2\/categories?post=5171"},{"taxonomy":"post_tag","embeddable":true,"href":"https:\/\/emisora.univalle.edu.co\/index.php\/wp-json\/wp\/v2\/tags?post=5171"}],"curies":[{"name":"wp","href":"https:\/\/api.w.org\/{rel}","templated":true}]}}