{"id":5179,"date":"2015-07-07T15:22:55","date_gmt":"2015-07-07T20:22:55","guid":{"rendered":"https:\/\/emisora.univalle.edu.co\/\/?p=5179"},"modified":"2015-07-07T15:22:55","modified_gmt":"2015-07-07T20:22:55","slug":"presidente-sanciona-ley-contra-el-feminicidio-en-colombia","status":"publish","type":"post","link":"https:\/\/emisora.univalle.edu.co\/index.php\/presidente-sanciona-ley-contra-el-feminicidio-en-colombia\/","title":{"rendered":"Presidente sanciona Ley contra el Feminicidio en Colombia"},"content":{"rendered":"<p><span style=\"line-height: 1.5em;\">La Ministra de Educaci\u00f3n Gina Parody acompa\u00f1\u00f3 al Presidente de la Rep\u00fablica Juan Manuel Santos, en la sanci\u00f3n de la Ley contra el Feminicidio, la cual fortalece las sanciones para los ataques en contra de las mujeres. Durante este acto se rindi\u00f3 un homenaje a la se\u00f1ora Rosa Elvira Cely, la cual fue v\u00edctima de un aterrador caso de violencia hace tres a\u00f1os.<\/span><br \/>\nSeg\u00fan el Presidente \u00abEsta ley que se ha conocido como la Ley Rosa Elvira Cely, en recuerdo de esa mujer que fue brutalmente vejada y asesinada hace alg\u00fan tiempo en el Parque Nacional. Esta Ley consagra el feminicidio como un delito aut\u00f3nomo para garantizar la investigaci\u00f3n y la sanci\u00f3n de los actos violentos contra las mujeres por motivos de g\u00e9nero y discriminaci\u00f3n y esto implica un aumento importante de penas para quienes cometan este delito contra las mujeres\u00bb.<\/p>\n<p>Esta ley hace parte de un paquete de seis normas que fueron sancionadas por el Presidente para la participaci\u00f3n, la justicia y la econom\u00eda, las cuales son: Protecci\u00f3n y promoci\u00f3n a la participaci\u00f3n democr\u00e1tica; Modificaci\u00f3n de las medidas de aseguramiento de privaci\u00f3n de la libertad; Anticontrabando; Agronom\u00eda del caucho (modificaci\u00f3n de la Ley 686 de 2001); Homenaje al doctor Jos\u00e9 Francisco Socarr\u00e1s; y Feminicidio como delito aut\u00f3nomo.<\/p>\n<p>La Ministra Parody firm\u00f3 el acto legislativo, en el cual se define el Feminicidio como un delito aut\u00f3nomo y contempla incrementos sustanciales en las penas, convirti\u00e9ndose en un paso importante para garantizar la investigaci\u00f3n y la sanci\u00f3n de los actos violentos en contra de las mujeres por motivos de g\u00e9nero y discriminaci\u00f3n. De igual manera, contempla el fortalecimiento de los mecanismos para prevenir este tipo de hechos.<\/p>\n<p>De acuerdo con esta Ley, las personas que cometan cr\u00edmenes en estas circunstancias incurrir\u00e1n en penas entre los 250 y 500 meses de prisi\u00f3n, a la vez que se limitan los beneficios y los preacuerdos a los cuales pueden acceder las personas condenadas por delitos relacionados con maltrato o violencia hacia el g\u00e9nero femenino, indic\u00f3 la Presidencia de la Rep\u00fablica.<\/p>\n<p>Fuente: Comunicaciones MinEducaci\u00f3n<\/p>\n","protected":false},"excerpt":{"rendered":"<p>La Ministra de Educaci\u00f3n Gina Parody acompa\u00f1\u00f3 al Presidente de la Rep\u00fablica Juan Manuel Santos, en la sanci\u00f3n de la Ley contra el Feminicidio, la cual fortalece las sanciones para los ataques en contra de las mujeres. Durante este acto se rindi\u00f3 un homenaje a la se\u00f1ora Rosa Elvira Cely,[&#8230;]<\/p>\n","protected":false},"author":1,"featured_media":5180,"comment_status":"open","ping_status":"open","sticky":false,"template":"","format":"standard","meta":{"footnotes":""},"categories":[4],"tags":[],"_links":{"self":[{"href":"https:\/\/emisora.univalle.edu.co\/index.php\/wp-json\/wp\/v2\/posts\/5179"}],"collection":[{"href":"https:\/\/emisora.univalle.edu.co\/index.php\/wp-json\/wp\/v2\/posts"}],"about":[{"href":"https:\/\/emisora.univalle.edu.co\/index.php\/wp-json\/wp\/v2\/types\/post"}],"author":[{"embeddable":true,"href":"https:\/\/emisora.univalle.edu.co\/index.php\/wp-json\/wp\/v2\/users\/1"}],"replies":[{"embeddable":true,"href":"https:\/\/emisora.univalle.edu.co\/index.php\/wp-json\/wp\/v2\/comments?post=5179"}],"version-history":[{"count":1,"href":"https:\/\/emisora.univalle.edu.co\/index.php\/wp-json\/wp\/v2\/posts\/5179\/revisions"}],"predecessor-version":[{"id":5181,"href":"https:\/\/emisora.univalle.edu.co\/index.php\/wp-json\/wp\/v2\/posts\/5179\/revisions\/5181"}],"wp:featuredmedia":[{"embeddable":true,"href":"https:\/\/emisora.univalle.edu.co\/index.php\/wp-json\/wp\/v2\/media\/5180"}],"wp:attachment":[{"href":"https:\/\/emisora.univalle.edu.co\/index.php\/wp-json\/wp\/v2\/media?parent=5179"}],"wp:term":[{"taxonomy":"category","embeddable":true,"href":"https:\/\/emisora.univalle.edu.co\/index.php\/wp-json\/wp\/v2\/categories?post=5179"},{"taxonomy":"post_tag","embeddable":true,"href":"https:\/\/emisora.univalle.edu.co\/index.php\/wp-json\/wp\/v2\/tags?post=5179"}],"curies":[{"name":"wp","href":"https:\/\/api.w.org\/{rel}","templated":true}]}}