{"id":5182,"date":"2015-07-07T15:31:09","date_gmt":"2015-07-07T20:31:09","guid":{"rendered":"https:\/\/emisora.univalle.edu.co\/\/?p=5182"},"modified":"2015-07-07T15:31:09","modified_gmt":"2015-07-07T20:31:09","slug":"inauguran-punto-vive-digital-plus-en-el-dovio","status":"publish","type":"post","link":"https:\/\/emisora.univalle.edu.co\/index.php\/inauguran-punto-vive-digital-plus-en-el-dovio\/","title":{"rendered":"Inauguran Punto Vive Digital Plus en El Dovio"},"content":{"rendered":"<p><span style=\"line-height: 1.5em;\">El Valle del Cauca contin\u00faa con la revoluci\u00f3n digital, en esta ocasi\u00f3n en la instituci\u00f3n educativa Jos\u00e9 Mar\u00eda Falla del municipio El Dovio fue inaugurado por la Gobernaci\u00f3n del Valle \u2013 Secretar\u00eda de Educaci\u00f3n, la alcald\u00eda de ese municipio y el Ministerio de las Tecnolog\u00edas de la Informaci\u00f3n y las Comunicaciones \u2013Mintic-, un nuevo Punto Vive Digital Plus que beneficiar\u00e1 a estudiantes, educadores y comunidad en general.<\/span><\/p>\n<p>Jose Gustavo Padilla Orozco, secretario de educaci\u00f3n del Valle del Cauca, se\u00f1al\u00f3 que \u201cal departamento le corresponden veinte Puntos Vive Digital Plus \u2013PVD-, y ya se han entregado nueve en los municipios de Calima, Dagua, Florida, Guacar\u00ed, La Uni\u00f3n, Restrepo, Versalles, Yumbo, y Zarzal.<\/p>\n<p>Agreg\u00f3 que, el Punto Vive Digital Plus cuenta con acceso a Internet y salas especializadas para que estudiantes y comunidad en general puedan recibir capacitaci\u00f3n y entretenimiento por medio de espacios interactivos que cuentan con desarrollo de software y producci\u00f3n de audio y video. El PVD permitir\u00e1 que tanto los escolares de la instituci\u00f3n educativa como la comunidad de El Dovio sean beneficiados por los programas de alfabetizaci\u00f3n digital y dem\u00e1s servicios ofrecidos.<\/p>\n<p>El acto de entrega del Punto Vive Digital Plus, cont\u00f3 con la presencia del alcalde de El Dovio, Miguel Guzm\u00e1n Garc\u00eda; la rectora de la instituci\u00f3n educativa Jos\u00e9 Mar\u00eda Falla, Ana Jovita Aguilera; servidores de la alcald\u00eda; estudiantes de la instituci\u00f3n y comunidad en general.<\/p>\n<p>Fuente: Comunicaciones Gobernaci\u00f3n<\/p>\n","protected":false},"excerpt":{"rendered":"<p>El Valle del Cauca contin\u00faa con la revoluci\u00f3n digital, en esta ocasi\u00f3n en la instituci\u00f3n educativa Jos\u00e9 Mar\u00eda Falla del municipio El Dovio fue inaugurado por la Gobernaci\u00f3n del Valle \u2013 Secretar\u00eda de Educaci\u00f3n, la alcald\u00eda de ese municipio y el Ministerio de las Tecnolog\u00edas de la Informaci\u00f3n y las[&#8230;]<\/p>\n","protected":false},"author":1,"featured_media":5183,"comment_status":"open","ping_status":"open","sticky":false,"template":"","format":"standard","meta":{"footnotes":""},"categories":[4],"tags":[],"_links":{"self":[{"href":"https:\/\/emisora.univalle.edu.co\/index.php\/wp-json\/wp\/v2\/posts\/5182"}],"collection":[{"href":"https:\/\/emisora.univalle.edu.co\/index.php\/wp-json\/wp\/v2\/posts"}],"about":[{"href":"https:\/\/emisora.univalle.edu.co\/index.php\/wp-json\/wp\/v2\/types\/post"}],"author":[{"embeddable":true,"href":"https:\/\/emisora.univalle.edu.co\/index.php\/wp-json\/wp\/v2\/users\/1"}],"replies":[{"embeddable":true,"href":"https:\/\/emisora.univalle.edu.co\/index.php\/wp-json\/wp\/v2\/comments?post=5182"}],"version-history":[{"count":1,"href":"https:\/\/emisora.univalle.edu.co\/index.php\/wp-json\/wp\/v2\/posts\/5182\/revisions"}],"predecessor-version":[{"id":5184,"href":"https:\/\/emisora.univalle.edu.co\/index.php\/wp-json\/wp\/v2\/posts\/5182\/revisions\/5184"}],"wp:featuredmedia":[{"embeddable":true,"href":"https:\/\/emisora.univalle.edu.co\/index.php\/wp-json\/wp\/v2\/media\/5183"}],"wp:attachment":[{"href":"https:\/\/emisora.univalle.edu.co\/index.php\/wp-json\/wp\/v2\/media?parent=5182"}],"wp:term":[{"taxonomy":"category","embeddable":true,"href":"https:\/\/emisora.univalle.edu.co\/index.php\/wp-json\/wp\/v2\/categories?post=5182"},{"taxonomy":"post_tag","embeddable":true,"href":"https:\/\/emisora.univalle.edu.co\/index.php\/wp-json\/wp\/v2\/tags?post=5182"}],"curies":[{"name":"wp","href":"https:\/\/api.w.org\/{rel}","templated":true}]}}