{"id":5185,"date":"2015-07-07T15:32:25","date_gmt":"2015-07-07T20:32:25","guid":{"rendered":"https:\/\/emisora.univalle.edu.co\/\/?p=5185"},"modified":"2015-07-07T15:32:25","modified_gmt":"2015-07-07T20:32:25","slug":"emcali-prepara-plan-de-contingencia-para-atender-suministro-de-agua-potable","status":"publish","type":"post","link":"https:\/\/emisora.univalle.edu.co\/index.php\/emcali-prepara-plan-de-contingencia-para-atender-suministro-de-agua-potable\/","title":{"rendered":"Emcali prepara plan de contingencia para atender suministro de agua potable"},"content":{"rendered":"<p><span style=\"line-height: 1.5em;\">Ajustes\u00a0 al\u00a0 Plan de Contingencia\u00a0 que se viene ejecutando desde el mes de\u00a0 febrero para garantizar\u00a0 el suministro de agua, especialmente en la zona de ladera, implement\u00f3\u00a0 EMCALI a trav\u00e9s de la Gerencia\u00a0 de Acueducto\u00a0 y Alcantarillado para afrontar las deficiencias que puedan generarse por la temporada de calor que ya se siente en la ciudad.<\/span><\/p>\n<p>La primera medida tiene que ver con los ajustes t\u00e9cnicos\u00a0 que\u00a0 se pusieron en marcha en la zona comprendida entre\u00a0 las carreras 56 y 66 y las calles 1 y 2; \u00e1rea que comprende los barrios Cuarto de Legua, Pampa Linda y Cascadas, los cuales eran\u00a0 abastecidos por la red baja,\u00a0 en la actualidad el suministro\u00a0 se\u00a0 presta con el sistema de la red alta.<\/p>\n<p>De igual manera, se encuentra en tr\u00e1mite administrativo la contrataci\u00f3n de los carros tanques que apoyar\u00e1n el abastecimiento del vital l\u00edquido en la zona de ladera, comunas 18 y 20, en donde el suministro es atendido por los acueductos La Reforma y R\u00edo Cali, respectivamente.<\/p>\n<p>El Gerente de Acueducto y Alcantarillado, Juli\u00e1n Lora Borrero, dio un parte de tranquilidad de las actuales las condiciones de captaci\u00f3n de los r\u00edos e invit\u00f3 a la comunidad hacer uso racional del agua, evitando la utilizaci\u00f3n de la misma en lavado de carros, riego de plantas o mantenimiento de fachadas.<\/p>\n<p>Fuente: Comunicaciones Emcali<\/p>\n","protected":false},"excerpt":{"rendered":"<p>Ajustes\u00a0 al\u00a0 Plan de Contingencia\u00a0 que se viene ejecutando desde el mes de\u00a0 febrero para garantizar\u00a0 el suministro de agua, especialmente en la zona de ladera, implement\u00f3\u00a0 EMCALI a trav\u00e9s de la Gerencia\u00a0 de Acueducto\u00a0 y Alcantarillado para afrontar las deficiencias que puedan generarse por la temporada de calor que[&#8230;]<\/p>\n","protected":false},"author":1,"featured_media":5153,"comment_status":"open","ping_status":"open","sticky":false,"template":"","format":"standard","meta":{"footnotes":""},"categories":[4],"tags":[],"_links":{"self":[{"href":"https:\/\/emisora.univalle.edu.co\/index.php\/wp-json\/wp\/v2\/posts\/5185"}],"collection":[{"href":"https:\/\/emisora.univalle.edu.co\/index.php\/wp-json\/wp\/v2\/posts"}],"about":[{"href":"https:\/\/emisora.univalle.edu.co\/index.php\/wp-json\/wp\/v2\/types\/post"}],"author":[{"embeddable":true,"href":"https:\/\/emisora.univalle.edu.co\/index.php\/wp-json\/wp\/v2\/users\/1"}],"replies":[{"embeddable":true,"href":"https:\/\/emisora.univalle.edu.co\/index.php\/wp-json\/wp\/v2\/comments?post=5185"}],"version-history":[{"count":1,"href":"https:\/\/emisora.univalle.edu.co\/index.php\/wp-json\/wp\/v2\/posts\/5185\/revisions"}],"predecessor-version":[{"id":5186,"href":"https:\/\/emisora.univalle.edu.co\/index.php\/wp-json\/wp\/v2\/posts\/5185\/revisions\/5186"}],"wp:featuredmedia":[{"embeddable":true,"href":"https:\/\/emisora.univalle.edu.co\/index.php\/wp-json\/wp\/v2\/media\/5153"}],"wp:attachment":[{"href":"https:\/\/emisora.univalle.edu.co\/index.php\/wp-json\/wp\/v2\/media?parent=5185"}],"wp:term":[{"taxonomy":"category","embeddable":true,"href":"https:\/\/emisora.univalle.edu.co\/index.php\/wp-json\/wp\/v2\/categories?post=5185"},{"taxonomy":"post_tag","embeddable":true,"href":"https:\/\/emisora.univalle.edu.co\/index.php\/wp-json\/wp\/v2\/tags?post=5185"}],"curies":[{"name":"wp","href":"https:\/\/api.w.org\/{rel}","templated":true}]}}