{"id":5187,"date":"2015-07-07T15:34:03","date_gmt":"2015-07-07T20:34:03","guid":{"rendered":"https:\/\/emisora.univalle.edu.co\/\/?p=5187"},"modified":"2015-07-07T15:34:03","modified_gmt":"2015-07-07T20:34:03","slug":"se-firmo-el-plan-estrategico-de-vivienda-con-la-onu-habitat","status":"publish","type":"post","link":"https:\/\/emisora.univalle.edu.co\/index.php\/se-firmo-el-plan-estrategico-de-vivienda-con-la-onu-habitat\/","title":{"rendered":"Se firm\u00f3 el Plan Estrat\u00e9gico de Vivienda con la ONU h\u00e1bitat"},"content":{"rendered":"<p><span style=\"line-height: 1.5em;\">Este lunes 6 de julio la Alcald\u00eda de Cali y la Organizaci\u00f3n de las Naciones Unidas- ONU h\u00e1bitat firmaron el acuerdo de cooperaci\u00f3n internacional para la formulaci\u00f3n del Plan Estrat\u00e9gico de Vivienda y H\u00e1bitat, \u201cPlan e Vita\u201d.<\/span><\/p>\n<p>Con este acuerdo se pretende desarrollar en Cali planes de vivienda integral que vayan m\u00e1s all\u00e1 de la entrega f\u00edsica de una casa, de modo que incluyan componentes sociales, econ\u00f3micos y ambientales para mejorar la calidad de vida de las familias que las habiten.<\/p>\n<p>El Plan propone estrategias para la reducci\u00f3n del d\u00e9ficit habitacional en la capital del Valle, durante los pr\u00f3ximos 12 a\u00f1os.<\/p>\n<p>Plan Estrat\u00e9gico de Vivienda y H\u00e1bitat, \u201cPlan e Vita\u201d est\u00e1 incluido en el Plan de Desarrollo de la actual Administraci\u00f3n Municipal y se convertir\u00e1 en una hoja de ruta para que el concepto de h\u00e1bitat sea un componente fundamental a la hora de estructurar nuevos proyectos de vivienda.<\/p>\n<p>Edgar Cata\u00f1o, Coordinador Nacional de Programa de las Naciones Unidas para los Asentamientos Urbanos; \u201cVemos a Cali como un laboratorio vivo para poder hacer todas esas transformaciones reales y que la gente pueda tener acceso a vivienda y sobre todo a proyectos con desarrollo econ\u00f3mico\u201d.<\/p>\n<p>El secretario de vivienda,\u00a0 Juan Carlos Rueda indic\u00f3: \u201ceste plan nos va a ayudar a determinar una l\u00ednea estrat\u00e9gica para los proyectos de vivienda de los pr\u00f3ximos 12 a\u00f1os, nos va permitir mejorar las condiciones para que\u00a0 las personas que hoy vivimos en Cali podamos tener una mejor calidad de vida. Adem\u00e1s planificar las nuevas viviendas que hacen parte del d\u00e9ficit\u201d.<\/p>\n<p>&nbsp;<\/p>\n<p>Fuente: Comunicaciones Secretar\u00eda de Vivienda Social<\/p>\n","protected":false},"excerpt":{"rendered":"<p>Este lunes 6 de julio la Alcald\u00eda de Cali y la Organizaci\u00f3n de las Naciones Unidas- ONU h\u00e1bitat firmaron el acuerdo de cooperaci\u00f3n internacional para la formulaci\u00f3n del Plan Estrat\u00e9gico de Vivienda y H\u00e1bitat, \u201cPlan e Vita\u201d. Con este acuerdo se pretende desarrollar en Cali planes de vivienda integral que[&#8230;]<\/p>\n","protected":false},"author":1,"featured_media":5158,"comment_status":"open","ping_status":"open","sticky":false,"template":"","format":"standard","meta":{"footnotes":""},"categories":[4],"tags":[],"_links":{"self":[{"href":"https:\/\/emisora.univalle.edu.co\/index.php\/wp-json\/wp\/v2\/posts\/5187"}],"collection":[{"href":"https:\/\/emisora.univalle.edu.co\/index.php\/wp-json\/wp\/v2\/posts"}],"about":[{"href":"https:\/\/emisora.univalle.edu.co\/index.php\/wp-json\/wp\/v2\/types\/post"}],"author":[{"embeddable":true,"href":"https:\/\/emisora.univalle.edu.co\/index.php\/wp-json\/wp\/v2\/users\/1"}],"replies":[{"embeddable":true,"href":"https:\/\/emisora.univalle.edu.co\/index.php\/wp-json\/wp\/v2\/comments?post=5187"}],"version-history":[{"count":1,"href":"https:\/\/emisora.univalle.edu.co\/index.php\/wp-json\/wp\/v2\/posts\/5187\/revisions"}],"predecessor-version":[{"id":5188,"href":"https:\/\/emisora.univalle.edu.co\/index.php\/wp-json\/wp\/v2\/posts\/5187\/revisions\/5188"}],"wp:featuredmedia":[{"embeddable":true,"href":"https:\/\/emisora.univalle.edu.co\/index.php\/wp-json\/wp\/v2\/media\/5158"}],"wp:attachment":[{"href":"https:\/\/emisora.univalle.edu.co\/index.php\/wp-json\/wp\/v2\/media?parent=5187"}],"wp:term":[{"taxonomy":"category","embeddable":true,"href":"https:\/\/emisora.univalle.edu.co\/index.php\/wp-json\/wp\/v2\/categories?post=5187"},{"taxonomy":"post_tag","embeddable":true,"href":"https:\/\/emisora.univalle.edu.co\/index.php\/wp-json\/wp\/v2\/tags?post=5187"}],"curies":[{"name":"wp","href":"https:\/\/api.w.org\/{rel}","templated":true}]}}