{"id":5191,"date":"2015-07-07T15:40:54","date_gmt":"2015-07-07T20:40:54","guid":{"rendered":"https:\/\/emisora.univalle.edu.co\/\/?p=5191"},"modified":"2015-07-07T15:40:54","modified_gmt":"2015-07-07T20:40:54","slug":"el-papa-le-dio-la-razon-los-ambientalistas","status":"publish","type":"post","link":"https:\/\/emisora.univalle.edu.co\/index.php\/el-papa-le-dio-la-razon-los-ambientalistas\/","title":{"rendered":"\u201cEl Papa le dio la raz\u00f3n a los ambientalistas\u201d"},"content":{"rendered":"<p><span style=\"line-height: 1.5em;\">Nunca antes en la historia una enc\u00edclica papal acapar\u00f3 tanta atenci\u00f3n y gener\u00f3 tanta controversia en el campo pol\u00edtico y econ\u00f3mico antes de su publicaci\u00f3n como el desatado por el \u201cLaudato si\u201d (<\/span><em style=\"line-height: 1.5em;\">\u201cAlabado seas\u201d<\/em><span style=\"line-height: 1.5em;\">) del Papa Francisco, m\u00e1s conocido como la \u201cenc\u00edclica verde\u201d.<\/span><\/p>\n<p>El nombre de la enc\u00edclica se refiere a la frase inicial del C\u00e1ntico de las Criaturas de San Francisco de As\u00eds, nombre que eligi\u00f3 Jorge Mario Bergoglio al ser elegido Pont\u00edfice. El documento de 191 p\u00e1ginas (ver link), recoge las preocupaciones del papa Francisco sobre cambio clim\u00e1tico y sus repercusiones entre los m\u00e1s pobres.<\/p>\n<p>Seg\u00fan declar\u00f3 el prestigioso economista norteamericano Jeffrey Sachs, director del Earth Institute de la Universidad de Columbia, la enc\u00edclica del Papa es un llamado claro a un prop\u00f3sito moral y a la acci\u00f3n para que la econom\u00eda mundial sea segura: segura para los marginados, para la Tierra, para las generaciones futuras.<\/p>\n<p>Sachs advierte que el principal obst\u00e1culo es lo que el Papa ha llamado la \u00abglobalizaci\u00f3n de la indiferencia\u00bb. De hecho, el aspirante a presidente Republicano (y cat\u00f3lico) Jeb Bush, en Estados Unidos, ha manifestado sobre la enc\u00edclica: \u201cNo me dejar\u00e9 dictar la pol\u00edtica econ\u00f3mica por mis obispos, mis cardenales o mi Papa\u201d.<\/p>\n<p>Para pensadores de todas las orillas, el \u201cLaudato si\u201d supone una aut\u00e9ntica declaraci\u00f3n de guerra a las grandes compa\u00f1\u00edas y a los gobernantes de los pa\u00edses m\u00e1s poderosos que, seg\u00fan Francisco, han contribuido al cambio clim\u00e1tico y a la pobreza por \u201cel uso desproporcionado de los recursos naturales\u201d, por lo que propone un cambio radical de estilo de vida para evitar que la Tierra se siga convirtiendo \u201ccada vez m\u00e1s en un inmenso dep\u00f3sito de porquer\u00eda\u201d.<\/p>\n<p>Seg\u00fan el Papa, el calentamiento originado por \u201cel enorme consumo de algunos pa\u00edses ricos tiene repercusiones en los lugares m\u00e1s pobres de la Tierra, especialmente en \u00c1frica, donde el aumento de la temperatura unido a la sequ\u00eda hace estragos en el rendimiento de los cultivos\u201d, de ah\u00ed que se\u00f1ale muy claramente la responsabilidad del actual sistema econ\u00f3mico mundial.<\/p>\n<p>Debido al impacto que ha generado el documento en diversas partes del mundo, incluso al interior de organizaciones ambientales y del pensamiento, la Agencia de Noticias de la Universidad del Valle quiso consultar la opini\u00f3n de un experto en el tema con el objeto de reflexionar acerca de su importancia en Colombia ahora que se habla de las locomotoras del desarrollo y de que Francisco anda de periplo por su continente.<\/p>\n<p>Mario Alejandro P\u00e9rez Rinc\u00f3n es profesor titular del Instituto Cinara de la Universidad del Valle, uno de los m\u00e1s importantes en investigaci\u00f3n sobre el recurso agua en el mundo. P\u00e9rez es experto en econom\u00eda ambiental y editor, en coautor\u00eda, de varios libros y documentos relacionados con el manejo del agua y el cambio clim\u00e1tico.<\/p>\n<p><strong>La enc\u00edclica papal, \u00bfqu\u00e9 tan novedosa es?<\/strong><\/p>\n<p>Bueno, es interesante y pertinente en t\u00e9rminos ambientales. Recoge muchos planteamientos que ven\u00edamos haciendo los ambientalistas en el mundo y Colombia sobre nuestras preocupaciones del modelo de desarrollo econ\u00f3mico y sus impactos ambientales. El modelo actual es un modelo donde el crecimiento econ\u00f3mico y del consumo es su norte, partiendo de la premisa de que no hay restricciones ni l\u00edmites a ese crecimiento econ\u00f3mico, y resulta que el planeta s\u00ed tiene un l\u00edmite.<\/p>\n<p><strong>\u00bfLos ecosistemas del planeta en realidad son uno solo?<\/strong><\/p>\n<p>As\u00ed es. Si deterioramos los ecosistemas estos dejan de proveernos los recursos; entonces es un llamado muy interesante a la reflexi\u00f3n y la acci\u00f3n, porque no nos podemos quedar en la reflexi\u00f3n sin pasar a las acciones para cambiar el paradigma.<\/p>\n<p><strong>Tambi\u00e9n habla el Papa de la deuda ecol\u00f3gica\u2026.<\/strong><\/p>\n<p>Ese es otro elemento importante que menciona el Papa en su enc\u00edclica y que los acad\u00e9micos y ambientalistas ven\u00edamos diciendo. La deuda ecol\u00f3gica, los patrones de consumo, del decrecimiento econ\u00f3mico, los excesos de consumo, del cambio de paradigma de una sociedad consumista a una sociedad menos consumista y con otros nortes en su vida, eso se ven\u00eda se\u00f1alando hace mucho tiempo.<\/p>\n<p><strong>O sea, el tema en realidad ya estaba all\u00ed, no es novedoso<\/strong><\/p>\n<p>En ese sentido, no. Lo que s\u00ed es novedoso es que la iglesia lo plantee, y para los acad\u00e9micos, pol\u00edticos y pensadores que ven\u00edan preocupados por estos temas pues encuentran un importante respaldo en las palabras del Papa; recoge muy bien, y de manera interesante, lo que ven\u00edamos planteando. En ese sentido nos sentimos muy satisfechos porque contribuye al debate en la academia, la pol\u00edtica, las universidades y nos ayuda a enriquecer este aspecto, no solo en t\u00e9rminos acad\u00e9micos sino en t\u00e9rminos de acci\u00f3n.<\/p>\n<p><strong>Critican al Papa por no tener bases cient\u00edficas para afirmar lo que afirma<\/strong><\/p>\n<p>Es un error. El Papa no escribi\u00f3 esto solo. Lo hace con el apoyo de grupos de especialistas. Recordemos que la estructura \u00a0de la iglesia cat\u00f3lica va desde Roma a cada uno de los pueblecitos donde hay presencia cat\u00f3lica en el mundo, y buena parte de las referencias que utiliza son referencias de eventos, congresos y actividades que ha desarrollado la iglesia en diferentes pa\u00edses. La enc\u00edclica, digamos, recoge lo que la gente y los curas est\u00e1n viendo en nuestras localidades. Pero por otro lado, hay que recordar que la iglesia cat\u00f3lica tiene una estructura de universidades por todo el mundo que son serias, y por otro lado los que contribuyeron a escribir esta enc\u00edclica pues recogen obviamente muchos de los documentos acad\u00e9micos.<\/p>\n<p><strong>\u00bfO sea, el peligro existe?<\/strong><\/p>\n<p>Yo les pregunto a quienes critican al Papa por esta enc\u00edclica: por qu\u00e9 no nos demuestren las evidencias de lo contrario. Que nos demuestren que no estamos corriendo un peligro grande de continuar con este paradigma basado en el consumo y el crecimiento econ\u00f3mico sin l\u00edmites; yo creo que la enc\u00edclica papal est\u00e1 muy bien fundamentada; recoge, no solo lo que est\u00e1n diciendo diferentes grupos de investigaci\u00f3n, acad\u00e9micos y universidades, sino tambi\u00e9n las mismas bases de la iglesia a lo largo y ancho del planeta.<\/p>\n<p><strong>Ahora, f\u00e1cil es decir desaceleremos la econom\u00eda \u00bfNo estamos en un meollo?<\/strong><\/p>\n<p>El tema del decrecimiento es complejo porque resulta que en las sociedades el paradigma se mueve en sus mismas l\u00f3gicas. En sociedades pobres o en desarrollo como las de Am\u00e9rica Latina hacer una propuesta de estas no tendr\u00eda un eco porque los niveles de pobreza son muy grandes; lo que quiero decir es que es mucho m\u00e1s f\u00e1cil decirlo que hacerlo, pero lo m\u00e1s importante es que empiezan a aparecer propuestas, ya no solamente acad\u00e9micas sino de pr\u00e1ctica real.<\/p>\n<p><strong>\u00bfC\u00f3mo cu\u00e1les?<\/strong><\/p>\n<p>Ah\u00ed tenemos en Espa\u00f1a, por ejemplo, a \u201cPodemos\u201d, un movimiento relacionado con la propuesta del decrecimiento. Recordemos que \u201cPodemos\u201d result\u00f3 ganador en las \u00faltimas elecciones.<\/p>\n<p><strong>Y en Colombia, \u00bfqu\u00e9 efectos puede tener eso?<\/strong><\/p>\n<p>Aqu\u00ed todos se quieren montar en el bus. Incluso el presidente Santos dijo: \u201cEs lo que estamos haciendo nosotros\u201d, pero resulta que son palabras huecas, palabras que caen en el vac\u00edo.<\/p>\n<p><strong>\u00bfPor qu\u00e9?<\/strong><\/p>\n<p>Por el modelo extractivista (miner\u00eda, petr\u00f3leo, carb\u00f3n) que genera unos impactos ambientales muy grandes. Colombia hoy camina hacia la insostenibilidad con este modelo de desarrollo. No solamente insostenibilidad ambiental, tambi\u00e9n econ\u00f3mica. Vemos como el boom de las commodities (materias primas) se ha ca\u00eddo. Realmente hay una crisis econ\u00f3mica, no solo en Colombia, sino en Am\u00e9rica Latina. Se han revisado varias veces las tasas de crecimiento econ\u00f3mico en muchos pa\u00edses; Colombia creo es la tercera o cuarta vez que la revisa.<\/p>\n<p><strong>La preocupaci\u00f3n es, la enc\u00edclica arma alboroto en el gallinero pero no tiene efecto real<\/strong><\/p>\n<p>Particularmente soy pesimista de los efectos que pueda tener la enc\u00edclica, por lo menos en el corto plazo, hacia un cambio de paradigma, de modelo de desarrollo. Porque si digo, como el Presidente, que es lo que estamos haciendo, pues es absolutamente falso porque los impactos ambientales de ese modelo de desarrollo en Colombia son grandes.<\/p>\n<p><strong>El papel de la Universidad, \u00bfcu\u00e1l ha sido?<\/strong><\/p>\n<p>Nosotros que trabajamos en estos temas, las universidades, recibimos muchas cr\u00edticas por nuestra posici\u00f3n frente al modelo reprimarizador. Igual los movimientos sociales y las comunidades de base frente a la miner\u00eda y los monocultivos. Esas posiciones de alguna manera ayudaron a frenar proyectos de desarrollo que atentaban contra el medio ambiente, pero tambi\u00e9n contribuy\u00f3 a aglutinar a algunos medios de comunicaci\u00f3n para hacernos ver a los movimientos ambientales como opositores al desarrollo.<\/p>\n<p><strong>\u00bfPero la enc\u00edclica les da la raz\u00f3n a ustedes?<\/strong><\/p>\n<p>Los editorialistas nos desacreditaron, y esta enc\u00edclica lo que hace es ayudarnos a mostrar que nosotros ten\u00edamos raz\u00f3n, que los movimientos sociales tienen raz\u00f3n. Ya no estamos solos, o tan solos; ya tenemos un buen aliado: el papa Francisco. No hablemos de toda la iglesia cat\u00f3lica, pero s\u00ed de un ala interesante de la iglesia cat\u00f3lica, y eso es un apoyo importante para los movimientos ambientales. Esperamos que contribuya a la acci\u00f3n y a la academia para que las universidades contin\u00faen trabajando en una agenda ambiental bien fuerte en sus campos universitarios.<\/p>\n<p><strong>\u00bfLa Universidad del Valle cuenta con esa agenda?<\/strong><\/p>\n<p>S\u00ed, nosotros nos sentimos contentos con ese tema. Ya es un paso. En el nuevo Plan de Desarrollo de la Universidad del Valle se seleccion\u00f3 como \u00e1rea estrat\u00e9gica el eje ambiental, y eso es muy importante. Antes no lo ten\u00eda. Lo m\u00e1s importante ahora es que eso se plasme en acciones, y para eso debe tener un eje. Venimos diciendo -quienes trabajamos en este eje ambiental- que para que eso se vuelva realidad debe haber un plan espec\u00edfico con acciones concretas respaldado por un presupuesto, y una instancia espec\u00edfica que sea la responsable de ejecutar ese plan de gesti\u00f3n ambiental dentro del campo en concordancia con la parte acad\u00e9mica e investigativa que desarrolla la universidad en ese campo.<\/p>\n<p><strong>Dices que eres pesimista sobre los efectos de la enc\u00edclica. \u00bfHabr\u00e1 que esperar un gran evento natural que nos haga reflexionar sobre este punto?<\/strong><\/p>\n<p>Al Papa le cuestionan esta enc\u00edclica porque no tienen evidencias cient\u00edficas. La evidencia cient\u00edfica es cosa complicada en temas ambientales porque, por ejemplo, frente al cambio clim\u00e1tico realmente hay una gran incertidumbre, incluso hasta en sus or\u00edgenes. Pero hay una incertidumbre en t\u00e9rmino de resultados \u00bfQu\u00e9 significa que la tierra tenga dos grados m\u00e1s de temperatura? Hay cantidad de modelos que muestran cantidad de cosas, pero realmente son puras hip\u00f3tesis, no hay evidencias a pesar de que el modelo sea amplio o desarrollado, el modelo no es la realidad, sobre todo en temas tan complejos como el medio ambiente.<\/p>\n<p><strong>Y entonces, \u00bfsi son puras hip\u00f3tesis porque tanto alboroto?<\/strong><\/p>\n<p>Porque no se sabe que va a pasar. Hay ignorancia cient\u00edfica por muchas cosas, hay incertidumbre, pero tambi\u00e9n hay un principio que es eje de la pol\u00edtica ambiental, de cualquier pol\u00edtica ambiental: la precauci\u00f3n. Como no sabemos qu\u00e9 pueda pasar pero los riegos que estamos asumiendo son muy grandes -de por medio estar\u00eda la civilizaci\u00f3n humana-, entonces es mejor prevenir que curar. El principio de precauci\u00f3n siempre es un elemento central. El Papa recoge realidades que est\u00e1n pasando. En estos temas es muy importante el llamado del Papa a reflexionar sobre el modelo de desarrollo que tenemos.<\/p>\n<p><strong>Tambi\u00e9n habla de justicia ambiental \u00bfQu\u00e9 es exactamente?<\/strong><\/p>\n<p>En el mundo hay un grupo que est\u00e1 trabajando un tema atractivo que es la justicia ambiental y los conflictos ambientales. La justicia ambiental es evidenciar que los impactos ambientales no son democr\u00e1ticos, afectan m\u00e1s a unos que a otros \u00bfA qui\u00e9nes afecta m\u00e1s? A los pobres, a los grupos m\u00e1s vulnerables. En Colombia, a los afros y los ind\u00edgenas. El Papa evidencia eso de entrada porque muchos de estos impactos ambientales afectan m\u00e1s a los pobres, y a este tipo de comunidades.<\/p>\n<p><strong>Y se\u00f1ala responsables\u2026<\/strong><\/p>\n<p>Exacto, se\u00f1ala la inequidad entre pa\u00edses, entonces habla de la deuda ecol\u00f3gica y la deuda ambiental de la que, desde hace mucho tiempo, venimos insistiendo los acad\u00e9micos latinoamericanos. Tiene que ver tambi\u00e9n con los pasivos ambientales por parte de las empresas, sectores que generan muchos impactos ambientales y nunca los cubren, y trasladan a otros esos impactos ambientales para mantener su modelo de negocio. Entonces el Papa en ese sentido es otro baluarte para el tema de la equidad, no solo en t\u00e9rminos de grupos sociales sino de pa\u00edses, donde muestra esa deuda ambiental que el norte le debe al sur por mantener ese modelo de desarrollo.<\/p>\n<p><strong>\u00bfCasos concretos?<\/strong><\/p>\n<p>En el Valle del Cauca tenemos a los ca\u00f1eros y en el pa\u00eds a la miner\u00eda. Toda Am\u00e9rica Latina tiene su modelo extractivista para exportar al norte. La mayor parte de nuestro carb\u00f3n con impactos ambientales grand\u00edsimos sobre los territorios donde se asienta la comunidad way\u00fa va para alimentar la producci\u00f3n de Europa y Estados Unidos.<\/p>\n","protected":false},"excerpt":{"rendered":"<p>Nunca antes en la historia una enc\u00edclica papal acapar\u00f3 tanta atenci\u00f3n y gener\u00f3 tanta controversia en el campo pol\u00edtico y econ\u00f3mico antes de su publicaci\u00f3n como el desatado por el \u201cLaudato si\u201d (\u201cAlabado seas\u201d) del Papa Francisco, m\u00e1s conocido como la \u201cenc\u00edclica verde\u201d. El nombre de la enc\u00edclica se refiere[&#8230;]<\/p>\n","protected":false},"author":1,"featured_media":5192,"comment_status":"open","ping_status":"open","sticky":false,"template":"","format":"standard","meta":{"footnotes":""},"categories":[4],"tags":[],"_links":{"self":[{"href":"https:\/\/emisora.univalle.edu.co\/index.php\/wp-json\/wp\/v2\/posts\/5191"}],"collection":[{"href":"https:\/\/emisora.univalle.edu.co\/index.php\/wp-json\/wp\/v2\/posts"}],"about":[{"href":"https:\/\/emisora.univalle.edu.co\/index.php\/wp-json\/wp\/v2\/types\/post"}],"author":[{"embeddable":true,"href":"https:\/\/emisora.univalle.edu.co\/index.php\/wp-json\/wp\/v2\/users\/1"}],"replies":[{"embeddable":true,"href":"https:\/\/emisora.univalle.edu.co\/index.php\/wp-json\/wp\/v2\/comments?post=5191"}],"version-history":[{"count":1,"href":"https:\/\/emisora.univalle.edu.co\/index.php\/wp-json\/wp\/v2\/posts\/5191\/revisions"}],"predecessor-version":[{"id":5194,"href":"https:\/\/emisora.univalle.edu.co\/index.php\/wp-json\/wp\/v2\/posts\/5191\/revisions\/5194"}],"wp:featuredmedia":[{"embeddable":true,"href":"https:\/\/emisora.univalle.edu.co\/index.php\/wp-json\/wp\/v2\/media\/5192"}],"wp:attachment":[{"href":"https:\/\/emisora.univalle.edu.co\/index.php\/wp-json\/wp\/v2\/media?parent=5191"}],"wp:term":[{"taxonomy":"category","embeddable":true,"href":"https:\/\/emisora.univalle.edu.co\/index.php\/wp-json\/wp\/v2\/categories?post=5191"},{"taxonomy":"post_tag","embeddable":true,"href":"https:\/\/emisora.univalle.edu.co\/index.php\/wp-json\/wp\/v2\/tags?post=5191"}],"curies":[{"name":"wp","href":"https:\/\/api.w.org\/{rel}","templated":true}]}}