{"id":5215,"date":"2015-07-08T15:01:09","date_gmt":"2015-07-08T20:01:09","guid":{"rendered":"https:\/\/emisora.univalle.edu.co\/\/?p=5215"},"modified":"2015-07-08T15:01:09","modified_gmt":"2015-07-08T20:01:09","slug":"arranco-el-cierre-por-obras-en-la-via-mediacanoa-loboguerrero","status":"publish","type":"post","link":"https:\/\/emisora.univalle.edu.co\/index.php\/arranco-el-cierre-por-obras-en-la-via-mediacanoa-loboguerrero\/","title":{"rendered":"Arranc\u00f3 el cierre por obras en la v\u00eda Mediacanoa-Loboguerrero"},"content":{"rendered":"<p><span style=\"line-height: 1.5em;\">Con el total respaldo del sector privado, en especial de los empresarios del Valle del Cauca, Bogot\u00e1 y Medell\u00edn, a la estrategia del Gobierno Nacional para culminar la construcci\u00f3n de la doble calzada Buga &#8211; Buenaventura, arranca ma\u00f1ana la restricci\u00f3n del tramo Mediacanoa &#8211; Loboguerrero desde el km 64 al km 86.\u00a0<\/span><\/p>\n<p>La concertaci\u00f3n entre la comunidad vallecaucana, empresarios, autoridades portuarias, representantes de los transportadores y el Gobierno permiti\u00f3 que la restricci\u00f3n para realizar las obras sea de 66 horas a la semana, lo que indica que la v\u00eda estar\u00e1 operando en un 61%.<\/p>\n<p>\u00abLos vallecaucanos deben estar unidos en el mismo prop\u00f3sito, que en un futuro nos generar\u00e1 grandes beneficios. Tenemos que lograr que todos los que transitan por la v\u00eda hacia el Puerto de Buenaventura lo sigan haciendo para as\u00ed minimizar el impacto en el comercio exterior\u00bb, afirm\u00f3 Wilder Quintero, Gerente Operativo del corredor log\u00edstico, durante la socializaci\u00f3n en la sede de la Andi en Cali de los protocolos de servicio que se activar\u00e1n a partir de mana\u00f1a.<\/p>\n<p>Quintero explic\u00f3 adem\u00e1s que para aprovechar al m\u00e1ximo la movilidad en el corredor en los horarios sin restricci\u00f3n, los transportadores \u00abpodr\u00e1n comprar su peaje prepago en puntos como Peajes Cerrito, Colfecar, Loboguerrero y la b\u00e1scula del Puente Tierra\u00bb.<\/p>\n<p>Tambi\u00e9n se estableci\u00f3 que el Ministerio de Transporte, a trav\u00e9s de la Agencia Nacional de Infraestructura (ANI), realizar\u00e1 informes diarios del avance de las obras y seguimientos semanales para evaluar las medidas tomadas con el fin de ajustarlas y mejorarlas para el bien de los que transitan por la v\u00eda.<\/p>\n<p>\u00abA partir de hoy mi prioridad es que el tr\u00e1nsito por este corredor funcione como un &#8216;reloj suizo&#8217; y que los trabajos que se deben realizar se hagan con la mayor celeridad posible para aumentar la competitividad del Valle, del Pac\u00edfico y del pa\u00eds\u00bb, asegur\u00f3 el Gerente Operativo.<\/p>\n<p>El protocolo de manejo de la restricci\u00f3n contempla ambulancias, gr\u00faas y ba\u00f1os para los conductores.\u00a0\u00a0Por su parte, la Direcci\u00f3n de Tr\u00e1nsito y Transporte del Valle del Cauca inform\u00f3 que dispondr\u00e1 de 300 efectivos para garantizar la movilidad y seguridad en el corredor.<\/p>\n<p>Para el Gerente de la Asociaci\u00f3n Nacional de Empresarios de Colombia (Andi), seccional Valle del Cauca, Gabriel Velasco, el horario flexible y din\u00e1mico de la restricci\u00f3n, as\u00ed como la uni\u00f3n de lo vallecaucanos, ser\u00e1n la clave para minimizar el impacto de las obras y mejorar el desarrollo y la competitividad de la regi\u00f3n.<\/p>\n<p>Durante la restricci\u00f3n del tramo, los veh\u00edculos particulares y de transporte p\u00fablico podr\u00e1n tomar\u00a0\u00a0la ruta Dagua &#8211; Cali en sentido Buenaventura &#8211; Buga y la ruta Yotoco &#8211; Cali en sentido Buga &#8211; Buenaventura.<\/p>\n<p>Socializaciones como la realizada en Cali, tambi\u00e9n se han convocado en ciudades como Bogot\u00e1 y Medell\u00edn y contaron con la participaci\u00f3n de gremios del Sector.<\/p>\n<p><strong>Horarios de restricci\u00f3n<\/strong><\/p>\n<p>Domingos, lunes y martes de 7:00 a.m. a 8:00 p.m.<br \/>\nMi\u00e9rcoles, jueves y viernes de 11:00 a.m. a 8:00 p.m.<br \/>\nS\u00e1bados sin restricci\u00f3n.<\/p>\n<p>Fuente: Comunicaciones Mintransporte<\/p>\n","protected":false},"excerpt":{"rendered":"<p>Con el total respaldo del sector privado, en especial de los empresarios del Valle del Cauca, Bogot\u00e1 y Medell\u00edn, a la estrategia del Gobierno Nacional para culminar la construcci\u00f3n de la doble calzada Buga &#8211; Buenaventura, arranca ma\u00f1ana la restricci\u00f3n del tramo Mediacanoa &#8211; Loboguerrero desde el km 64 al[&#8230;]<\/p>\n","protected":false},"author":1,"featured_media":5213,"comment_status":"open","ping_status":"open","sticky":false,"template":"","format":"standard","meta":{"footnotes":""},"categories":[4],"tags":[],"_links":{"self":[{"href":"https:\/\/emisora.univalle.edu.co\/index.php\/wp-json\/wp\/v2\/posts\/5215"}],"collection":[{"href":"https:\/\/emisora.univalle.edu.co\/index.php\/wp-json\/wp\/v2\/posts"}],"about":[{"href":"https:\/\/emisora.univalle.edu.co\/index.php\/wp-json\/wp\/v2\/types\/post"}],"author":[{"embeddable":true,"href":"https:\/\/emisora.univalle.edu.co\/index.php\/wp-json\/wp\/v2\/users\/1"}],"replies":[{"embeddable":true,"href":"https:\/\/emisora.univalle.edu.co\/index.php\/wp-json\/wp\/v2\/comments?post=5215"}],"version-history":[{"count":1,"href":"https:\/\/emisora.univalle.edu.co\/index.php\/wp-json\/wp\/v2\/posts\/5215\/revisions"}],"predecessor-version":[{"id":5216,"href":"https:\/\/emisora.univalle.edu.co\/index.php\/wp-json\/wp\/v2\/posts\/5215\/revisions\/5216"}],"wp:featuredmedia":[{"embeddable":true,"href":"https:\/\/emisora.univalle.edu.co\/index.php\/wp-json\/wp\/v2\/media\/5213"}],"wp:attachment":[{"href":"https:\/\/emisora.univalle.edu.co\/index.php\/wp-json\/wp\/v2\/media?parent=5215"}],"wp:term":[{"taxonomy":"category","embeddable":true,"href":"https:\/\/emisora.univalle.edu.co\/index.php\/wp-json\/wp\/v2\/categories?post=5215"},{"taxonomy":"post_tag","embeddable":true,"href":"https:\/\/emisora.univalle.edu.co\/index.php\/wp-json\/wp\/v2\/tags?post=5215"}],"curies":[{"name":"wp","href":"https:\/\/api.w.org\/{rel}","templated":true}]}}