{"id":5223,"date":"2015-07-08T15:09:03","date_gmt":"2015-07-08T20:09:03","guid":{"rendered":"https:\/\/emisora.univalle.edu.co\/\/?p=5223"},"modified":"2015-07-08T15:09:03","modified_gmt":"2015-07-08T20:09:03","slug":"cali-estrena-camaras-de-deteccion-de-incendios-unicas-en-latinoamerica","status":"publish","type":"post","link":"https:\/\/emisora.univalle.edu.co\/index.php\/cali-estrena-camaras-de-deteccion-de-incendios-unicas-en-latinoamerica\/","title":{"rendered":"Cali estrena c\u00e1maras de detecci\u00f3n de incendios, \u00fanicas en Latinoam\u00e9rica"},"content":{"rendered":"<p><span style=\"line-height: 1.5em;\">Los cale\u00f1os cuentan desde ya con los beneficios que producen cinco c\u00e1maras t\u00e9rmicas de detecci\u00f3n de incendios forestales, que la Alcald\u00eda de Cali, desde el Consejo para la Gesti\u00f3n del Riesgo de Desastres -Cmgrd- y el Cuerpo de Bomberos Voluntarios de Cali instalaron en diferentes y estrat\u00e9gicos puntos de la capital vallecaucana.<\/span><\/p>\n<p>Con esto, Santiago de Cali se convierte en la primera y \u00fanica ciudad de Colombia y Latinoam\u00e9rica en contar con un sistema de alerta de incendios de este tipo.<\/p>\n<p>Las cinco c\u00e1maras fueron montadas en torres especiales, a 30 metros del suelo, y se encuentran conectadas a trav\u00e9s de un sistema de comunicaciones con el Centro de Operaciones de los Bomberos Voluntarios de Cali.<\/p>\n<p>Los equipos env\u00edan una se\u00f1al a dicho centro durante las 24 horas del d\u00eda, haciendo un barrido general de la ciudad y sus cerros tutelares, en giros de 360 grados, con los que si detecta un punto de calor, el sistema activa una alerta auditiva y visual, se analiza la situaci\u00f3n, y una vez enterados, los bomberos atender\u00e1n la emergencia de forma mucho m\u00e1s oportuna.<\/p>\n<p>Rodrigo Zamorano, coordinador del Consejo para la Gesti\u00f3n del Riesgo de Desastres, Cmgrd, explic\u00f3 que es un orgullo para Cali tener las primeras y \u00fanicas c\u00e1maras t\u00e9rmicas de detecci\u00f3n de incendios forestales en todo el pa\u00eds y el resto de Latinoam\u00e9rica, las cuales se instalaron en las zonas de Villa del Sur, cerro Las Tres Cruces, Kil\u00f3metro 13 en la v\u00eda al mar, La Reforma y Pance.<\/p>\n<p>\u201cEsto se debe a una gesti\u00f3n del Cuerpo de Bomberos Voluntarios de Cali, con base a los recursos de transferencia que el Municipio les hace. De esta manera, Cali se convierte en ciudad pionera en la consecuci\u00f3n e instalaci\u00f3n de las primeras c\u00e1maras t\u00e9rmicas, con las que se logra una cobertura del 60 % del \u00e1rea forestal de la ciudad, para en forma inmediata y expedita identificar la liberaci\u00f3n de energ\u00eda de un punto de calor y tener una reacci\u00f3n casi en tiempo real\u201d, explic\u00f3<br \/>\nel funcionario, quien agreg\u00f3 que este sistema fue adoptado desde Espa\u00f1a, \u201cpa\u00eds especialista en este tipo de herramientas\u201d.<\/p>\n<p>Para el capit\u00e1n Jairo Soto Gil, del \u00e1rea de Planeaci\u00f3n del Cuerpo de Bomberos Voluntarios de Cali, este es un sue\u00f1o hecho realidad, ya que en el a\u00f1o 2012, cuando surgi\u00f3 la Ley de Gesti\u00f3n del Riesgo y la Ley de Bomberos, hab\u00eda que crear el Plan Municipal de Gesti\u00f3n del Riesgo, dentro del cual se logr\u00f3 incluir el plan de c\u00e1maras t\u00e9rmicas de detecci\u00f3n de incendios.<\/p>\n<p>\u201cFue as\u00ed como una vez teniendo el proyecto listo lo pudimos llevar al Plan de Ordenamiento Territorial \u2013POT-, que fue aprobado en diciembre y fue sancionado por el alcalde Rodrigo Guerrero. Con esas herramientas pudimos, a trav\u00e9s del Impuesto Predial que dan los cale\u00f1os, generar los recursos para iniciar la instalaci\u00f3n de cinco c\u00e1maras t\u00e9rmicas y detectar as\u00ed los incendios que se puedan generaren los cerros de la ciudad\u201d, explic\u00f3 el Capit\u00e1n.<\/p>\n<p>Pese a que este tipo de c\u00e1maras se convierte en un factor importante de ayuda, el Cuerpo de Bomberos Voluntarios de Cali y el Cmgrd le hacen un llamado a la comunidad a no bajar la guardia, permanecer alerta a los incendios y a dar aviso inmediato en las l\u00edneas de emergencias.<\/p>\n<p>\u201cUn sistema no reemplaza al otro, no estamos pretendiendo montar estas c\u00e1maras y asumir el control total frente a la detecci\u00f3n y atenci\u00f3n de los incendios forestales, este es un complemento y por eso le hacemos el llamado a la comunidad que si detectan columnas de humo en la ciudad o en los cerros lo reporten a las l\u00edneas de emergencias. Si el ciudadano detecta es de suma importancia que d\u00e9 aviso a las autoridades. La vinculaci\u00f3n del componente humano, la ciudadan\u00eda, es importante\u201d, recalc\u00f3 el sargento primero John Fitzgerald Rodas, coordinador de Telem\u00e1tica de los Bomberos.<\/p>\n<p>C\u00e1mara de detecci\u00f3n<br \/>\nC\u00e1mara t\u00e9rmica con lente 35 mm<br \/>\nResoluci\u00f3n t\u00e9rmica 640&#215;480<br \/>\nC\u00e1mara Cctv con 30x Zoom y resoluci\u00f3n FullHD y Video<br \/>\nPan&amp;Tilt de giro contin\u00fao de 360\u00ba<br \/>\nSistema de protecci\u00f3n<\/p>\n<p>La c\u00e1mara est\u00e1 compuesta por un conjunto de sistemas que operan las 24 horas al d\u00eda de forma aut\u00f3noma, analizando y provocando alertas en casos de detecci\u00f3n positiva. Estos sistemas pueden trabajar a pleno rendimiento bajo las condiciones m\u00e1s adversas, como oscuridad total, humo, niebla, entre otros.<\/p>\n<p>Fuente: Comunicaciones Alcald\u00eda<\/p>\n","protected":false},"excerpt":{"rendered":"<p>Los cale\u00f1os cuentan desde ya con los beneficios que producen cinco c\u00e1maras t\u00e9rmicas de detecci\u00f3n de incendios forestales, que la Alcald\u00eda de Cali, desde el Consejo para la Gesti\u00f3n del Riesgo de Desastres -Cmgrd- y el Cuerpo de Bomberos Voluntarios de Cali instalaron en diferentes y estrat\u00e9gicos puntos de la[&#8230;]<\/p>\n","protected":false},"author":1,"featured_media":5206,"comment_status":"open","ping_status":"open","sticky":false,"template":"","format":"standard","meta":{"footnotes":""},"categories":[4],"tags":[],"_links":{"self":[{"href":"https:\/\/emisora.univalle.edu.co\/index.php\/wp-json\/wp\/v2\/posts\/5223"}],"collection":[{"href":"https:\/\/emisora.univalle.edu.co\/index.php\/wp-json\/wp\/v2\/posts"}],"about":[{"href":"https:\/\/emisora.univalle.edu.co\/index.php\/wp-json\/wp\/v2\/types\/post"}],"author":[{"embeddable":true,"href":"https:\/\/emisora.univalle.edu.co\/index.php\/wp-json\/wp\/v2\/users\/1"}],"replies":[{"embeddable":true,"href":"https:\/\/emisora.univalle.edu.co\/index.php\/wp-json\/wp\/v2\/comments?post=5223"}],"version-history":[{"count":1,"href":"https:\/\/emisora.univalle.edu.co\/index.php\/wp-json\/wp\/v2\/posts\/5223\/revisions"}],"predecessor-version":[{"id":5224,"href":"https:\/\/emisora.univalle.edu.co\/index.php\/wp-json\/wp\/v2\/posts\/5223\/revisions\/5224"}],"wp:featuredmedia":[{"embeddable":true,"href":"https:\/\/emisora.univalle.edu.co\/index.php\/wp-json\/wp\/v2\/media\/5206"}],"wp:attachment":[{"href":"https:\/\/emisora.univalle.edu.co\/index.php\/wp-json\/wp\/v2\/media?parent=5223"}],"wp:term":[{"taxonomy":"category","embeddable":true,"href":"https:\/\/emisora.univalle.edu.co\/index.php\/wp-json\/wp\/v2\/categories?post=5223"},{"taxonomy":"post_tag","embeddable":true,"href":"https:\/\/emisora.univalle.edu.co\/index.php\/wp-json\/wp\/v2\/tags?post=5223"}],"curies":[{"name":"wp","href":"https:\/\/api.w.org\/{rel}","templated":true}]}}