{"id":5230,"date":"2015-07-08T15:14:43","date_gmt":"2015-07-08T20:14:43","guid":{"rendered":"https:\/\/emisora.univalle.edu.co\/\/?p=5230"},"modified":"2015-07-08T15:14:43","modified_gmt":"2015-07-08T20:14:43","slug":"icetex-abrio-convocatoria-creditos-condonables-para-realizar-especializaciones-medicas","status":"publish","type":"post","link":"https:\/\/emisora.univalle.edu.co\/index.php\/icetex-abrio-convocatoria-creditos-condonables-para-realizar-especializaciones-medicas\/","title":{"rendered":"Icetex abri\u00f3 convocatoria cr\u00e9ditos condonables para realizar especializaciones m\u00e9dicas"},"content":{"rendered":"<p><span style=\"line-height: 1.5em;\">El Instituto Colombiano de Cr\u00e9dito Educativo y Estudios T\u00e9cnicos en el Exterior (Icetex) y el Ministerio de Protecci\u00f3n Social abrieron la convocatoria de cr\u00e9ditos totalmente condonables para los m\u00e9dicos que quieran estudiar sus especializaciones en el pa\u00eds apoyados por el fondo creado mediante la Ley 100 de 1993.\u00a0<\/span><\/p>\n<p>Los interesados pueden postularse a este programa hasta el pr\u00f3ximo 31 de julio en la p\u00e1gina web\u00a0<a href=\"http:\/\/www.icetex.gov.co\/\" target=\"_blank\"><b>www.icetex.gov.co<\/b><\/a>.<\/p>\n<p>Los seleccionados deber\u00e1n realizar durante su entrenamiento las pr\u00e1cticas formativas que requieran rotaci\u00f3n de tiempo completo en \u00e1reas cl\u00ednicas y de investigaci\u00f3n en una Instituci\u00f3n Prestadora de Servicios de Salud o en una instituci\u00f3n del Sistema General de Seguridad Social en Salud.<\/p>\n<p><em>\u00bfQu\u00e9 requisitos debe reunir el aspirante?<\/em><\/p>\n<p>El estudiante debe estar matriculado o cursando estudios de especializaci\u00f3n en el segundo semestre de 2015 en instituciones de educaci\u00f3n superior del pa\u00eds, inscribirse antes del 31 de julio en el sitio web del ICETEX y contar con un codeudor menor de 65 a\u00f1os de edad, el cual debe estar aprobado antes del cierre de la convocatoria.<\/p>\n<p>As\u00ed mismo, este cr\u00e9dito se otorgar\u00e1 a aspirantes seleccionados que no hayan sido beneficiados a este fondo. Si el profesional cuenta o cont\u00f3 con otro cr\u00e9dito del ICETEX, debe estar al d\u00eda o a paz y salvo con la Instituci\u00f3n.<\/p>\n<p><em>\u00bfQu\u00e9 se requiere para condonar el cr\u00e9dito?<\/em><\/p>\n<p>Para que este cr\u00e9dito sea condonado, el estudiante, una vez se haya graduado del programa, debe presentar al ICETEX la carta solicitando la condonaci\u00f3n del cr\u00e9dito, fotocopias del acta de grado y del diploma, y las notas del \u00faltimo per\u00edodo acad\u00e9mico.<\/p>\n<p>Los resultados de los profesionales seleccionados ser\u00e1n publicados en www.icetex.gov.co el pr\u00f3ximo 18 de agosto.<\/p>\n<p><strong>Educaci\u00f3n superior para ind\u00edgenas<\/strong><\/p>\n<p>Por otra parte, el Icetex inform\u00f3 que 1.500 j\u00f3venes miembros de comunidades ind\u00edgenas del pa\u00eds se beneficiar\u00e1n en el segundo semestre del 2015 con cr\u00e9ditos educativos 100% condonables que representan una inversi\u00f3n por $2.420 millones por parte del Gobierno Nacional, para realizar sus estudios de educaci\u00f3n superior gracias al Fondo \u00c1lvaro Ulcu\u00e9 Chocu\u00e9, administrado por el Instituto Colombiano de Cr\u00e9dito Educativo y Estudios T\u00e9cnicos en el Exterior, ICETEX.<\/p>\n<p>Hasta el pr\u00f3ximo 24 de julio este Fondo de Comunidades Ind\u00edgenas se encuentra abierto para que los j\u00f3venes de la poblaci\u00f3n ind\u00edgena colombiana se inscriban en el sitio web del ICETEX, en www.icetex.gov.co, y puedan ser seleccionados para estudiar programas de pregrado y posgrados.<\/p>\n<p><em>\u00bfQui\u00e9nes pueden participar?<\/em><\/p>\n<p>Para ser parte de esta convocatoria los interesados deben pertenecer a una comunidad ind\u00edgena, debidamente registrada ante la Direcci\u00f3n de Asuntos Ind\u00edgenas Minor\u00edas y Rom del Ministerio del Interior; presentar e inscribir el trabajo comunitario a desarrollar en su comunidad durante la \u00e9poca de estudios con su respectiva socializaci\u00f3n y aval de este grupo poblacional; y estar admitido o estudiando en una Instituci\u00f3n de Educaci\u00f3n Superior. Adem\u00e1s, no deben haber sido con anterioridad beneficiarios de este Fondo.<\/p>\n<p>Los resultados de los j\u00f3venes seleccionados se publicar\u00e1n en el sitio web del ICETEX (www.icetex.gov.co) el pr\u00f3ximo 18 de agosto del 2015.<\/p>\n<p><strong>Financiaci\u00f3n y condonaci\u00f3n<\/strong><b>\u00a0<\/b><\/p>\n<p>El valor de desembolso corresponder\u00e1 a 2,5 Salarios M\u00ednimos Mensuales Legales Vigentes (SMMLV), desembolsos que se efectuar\u00e1n semestralmente para los beneficiarios.<\/p>\n<p>Para que este cr\u00e9dito otorgado por el Fondo sea condonado, el beneficiario debe aprobar y terminar los estudios realizados y presentar al ICETEX dentro de los seis meses siguientes al grado o de la realizaci\u00f3n del \u00faltimo desembolso la carta solicitando la condonaci\u00f3n del cr\u00e9dito, fotocopia del diploma y acta de grado y resumen del proyecto final avalado por la comunidad ind\u00edgena y sus comit\u00e9s regionales.<\/p>\n<p><strong>Inclusi\u00f3n social con educaci\u00f3n superior para las comunidades ind\u00edgenas<\/strong><\/p>\n<p>El Fondo \u00c1lvaro Ulcu\u00e9 Chocu\u00e9 refleja la apuesta del ICETEX por enfocar sus esfuerzos en contribuir al desarrollo de las regiones, fortaleciendo las oportunidades de acceso a la educaci\u00f3n de los j\u00f3venes colombianos provenientes de minor\u00edas o comunidades \u00e9tnicas. Adem\u00e1s, esta l\u00ednea de cr\u00e9dito especial se encamina en el prop\u00f3sito nacional de lograr un pa\u00eds m\u00e1s equitativo que busca ser, en un entorno de paz, el m\u00e1s educado de Latinoam\u00e9rica.<\/p>\n<p>Fuente: Comunicaciones Presidencia &#8211; Icetex<\/p>\n","protected":false},"excerpt":{"rendered":"<p>El Instituto Colombiano de Cr\u00e9dito Educativo y Estudios T\u00e9cnicos en el Exterior (Icetex) y el Ministerio de Protecci\u00f3n Social abrieron la convocatoria de cr\u00e9ditos totalmente condonables para los m\u00e9dicos que quieran estudiar sus especializaciones en el pa\u00eds apoyados por el fondo creado mediante la Ley 100 de 1993.\u00a0 Los interesados[&#8230;]<\/p>\n","protected":false},"author":1,"featured_media":5208,"comment_status":"open","ping_status":"open","sticky":false,"template":"","format":"standard","meta":{"footnotes":""},"categories":[4],"tags":[],"_links":{"self":[{"href":"https:\/\/emisora.univalle.edu.co\/index.php\/wp-json\/wp\/v2\/posts\/5230"}],"collection":[{"href":"https:\/\/emisora.univalle.edu.co\/index.php\/wp-json\/wp\/v2\/posts"}],"about":[{"href":"https:\/\/emisora.univalle.edu.co\/index.php\/wp-json\/wp\/v2\/types\/post"}],"author":[{"embeddable":true,"href":"https:\/\/emisora.univalle.edu.co\/index.php\/wp-json\/wp\/v2\/users\/1"}],"replies":[{"embeddable":true,"href":"https:\/\/emisora.univalle.edu.co\/index.php\/wp-json\/wp\/v2\/comments?post=5230"}],"version-history":[{"count":1,"href":"https:\/\/emisora.univalle.edu.co\/index.php\/wp-json\/wp\/v2\/posts\/5230\/revisions"}],"predecessor-version":[{"id":5231,"href":"https:\/\/emisora.univalle.edu.co\/index.php\/wp-json\/wp\/v2\/posts\/5230\/revisions\/5231"}],"wp:featuredmedia":[{"embeddable":true,"href":"https:\/\/emisora.univalle.edu.co\/index.php\/wp-json\/wp\/v2\/media\/5208"}],"wp:attachment":[{"href":"https:\/\/emisora.univalle.edu.co\/index.php\/wp-json\/wp\/v2\/media?parent=5230"}],"wp:term":[{"taxonomy":"category","embeddable":true,"href":"https:\/\/emisora.univalle.edu.co\/index.php\/wp-json\/wp\/v2\/categories?post=5230"},{"taxonomy":"post_tag","embeddable":true,"href":"https:\/\/emisora.univalle.edu.co\/index.php\/wp-json\/wp\/v2\/tags?post=5230"}],"curies":[{"name":"wp","href":"https:\/\/api.w.org\/{rel}","templated":true}]}}