{"id":5232,"date":"2015-07-08T15:15:47","date_gmt":"2015-07-08T20:15:47","guid":{"rendered":"https:\/\/emisora.univalle.edu.co\/\/?p=5232"},"modified":"2015-07-08T15:15:47","modified_gmt":"2015-07-08T20:15:47","slug":"profesor-designado-miembro-de-numero-de-academia-colombiana-de-ciencias","status":"publish","type":"post","link":"https:\/\/emisora.univalle.edu.co\/index.php\/profesor-designado-miembro-de-numero-de-academia-colombiana-de-ciencias\/","title":{"rendered":"Profesor designado Miembro de N\u00famero de Academia Colombiana de Ciencias"},"content":{"rendered":"<p><span style=\"line-height: 1.5em;\">En acto solemne, el profesor del Departamento de Biolog\u00eda de la Universidad del Valle Jaime Kantera Kintz ser\u00e1 reconocido como Miembro de N\u00famero de la Academia Colombiana de Ciencias Exactas, F\u00edsicas y Naturales &#8211; ACCEFYN.<\/span><\/p>\n<p>El acto de reconocimiento se realiz\u00f3 esta ma\u00f1ana en el Sal\u00f3n Michel Valero del Departamento de F\u00edsica, en el segundo piso del Edificio de Ciencias Naturales y Exactas, Campus Mel\u00e9ndez.<\/p>\n<p>El profesor Kantera Kintz es Bi\u00f3logo de la Universidad del Valle, con un doctorado (Ph.D.) en oceanolog\u00eda de la Universite D&#8217;Aix-Marseille II, de Francia, y un posdoctorado en el Centro de Oceanolog\u00eda y la Estaci\u00f3n Marina de Endoume de Marsella, Francia.<\/p>\n<p>En 1987 gan\u00f3 el Premio Nacional de Ecolog\u00eda Enrique P\u00e9rez Arbel\u00e1ez del Fondo El\u00e9ctrico Nacional Jos\u00e9 Celestino Mutis, en 1980 fue Premio en el \u00e1rea de Evoluci\u00f3n y Sistem\u00e1tica Animal en el Congreso Nacional de Ciencias Biol\u00f3gicas y en 1999 gan\u00f3 el Premio en ecolog\u00eda del Congreso Nacional de la Asociaci\u00f3n Colombiana de Ciencias Biol\u00f3gicas. Es docente de la Universidad del Valle desde hace 37 a\u00f1os.<\/p>\n<p>En el 2001 fue designado Miembro Correspondiente de la ACCEFYN y hoy es Miembro de N\u00famero por parte del presidente de la Academia, Enrique Forero, y presentado por la tambi\u00e9n \u00a0miembro de n\u00famero de la Academia y profesora de la Universidad del Valle, la investigadora en entomolog\u00eda, Patricia Chac\u00f3n.<\/p>\n<p>La Academia tiene por objeto el desarrollo de las Ciencias Exactas, F\u00edsicas y Naturales. Para cumplir sus objetivos, reconoce a los cient\u00edficos que se destacan por sus aportes a estas ramas de la ciencia; fomenta y apoya la investigaci\u00f3n cient\u00edfica; contribuye a la divulgaci\u00f3n y a la apropiaci\u00f3n de la ciencia como elemento de cultura y desarrollo econ\u00f3mico y social y coopera en el mejoramiento de la ense\u00f1anza de las ciencias.<\/p>\n<p>La Academia colabora con entidades p\u00fablicas y privadas, nacionales e internacionales, en la construcci\u00f3n y apropiaci\u00f3n del conocimiento cient\u00edfico, as\u00ed como en la conservaci\u00f3n y defensa del patrimonio cient\u00edfico y de los recursos naturales del pa\u00eds. Adem\u00e1s, es Cuerpo Consultivo del Gobierno Nacional y como tal atiende las consultas y solicitudes de car\u00e1cter cient\u00edfico que le hagan los distintos \u00f3rganos del poder p\u00fablico, tales como la declaratoria de un parque nacional.<\/p>\n<p><b>Fuente: Agencia de Noticias Univalle<\/b><\/p>\n","protected":false},"excerpt":{"rendered":"<p>En acto solemne, el profesor del Departamento de Biolog\u00eda de la Universidad del Valle Jaime Kantera Kintz ser\u00e1 reconocido como Miembro de N\u00famero de la Academia Colombiana de Ciencias Exactas, F\u00edsicas y Naturales &#8211; ACCEFYN. El acto de reconocimiento se realiz\u00f3 esta ma\u00f1ana en el Sal\u00f3n Michel Valero del Departamento[&#8230;]<\/p>\n","protected":false},"author":1,"featured_media":5210,"comment_status":"open","ping_status":"open","sticky":false,"template":"","format":"standard","meta":{"footnotes":""},"categories":[4],"tags":[],"_links":{"self":[{"href":"https:\/\/emisora.univalle.edu.co\/index.php\/wp-json\/wp\/v2\/posts\/5232"}],"collection":[{"href":"https:\/\/emisora.univalle.edu.co\/index.php\/wp-json\/wp\/v2\/posts"}],"about":[{"href":"https:\/\/emisora.univalle.edu.co\/index.php\/wp-json\/wp\/v2\/types\/post"}],"author":[{"embeddable":true,"href":"https:\/\/emisora.univalle.edu.co\/index.php\/wp-json\/wp\/v2\/users\/1"}],"replies":[{"embeddable":true,"href":"https:\/\/emisora.univalle.edu.co\/index.php\/wp-json\/wp\/v2\/comments?post=5232"}],"version-history":[{"count":1,"href":"https:\/\/emisora.univalle.edu.co\/index.php\/wp-json\/wp\/v2\/posts\/5232\/revisions"}],"predecessor-version":[{"id":5233,"href":"https:\/\/emisora.univalle.edu.co\/index.php\/wp-json\/wp\/v2\/posts\/5232\/revisions\/5233"}],"wp:featuredmedia":[{"embeddable":true,"href":"https:\/\/emisora.univalle.edu.co\/index.php\/wp-json\/wp\/v2\/media\/5210"}],"wp:attachment":[{"href":"https:\/\/emisora.univalle.edu.co\/index.php\/wp-json\/wp\/v2\/media?parent=5232"}],"wp:term":[{"taxonomy":"category","embeddable":true,"href":"https:\/\/emisora.univalle.edu.co\/index.php\/wp-json\/wp\/v2\/categories?post=5232"},{"taxonomy":"post_tag","embeddable":true,"href":"https:\/\/emisora.univalle.edu.co\/index.php\/wp-json\/wp\/v2\/tags?post=5232"}],"curies":[{"name":"wp","href":"https:\/\/api.w.org\/{rel}","templated":true}]}}