{"id":5234,"date":"2015-07-08T15:17:33","date_gmt":"2015-07-08T20:17:33","guid":{"rendered":"https:\/\/emisora.univalle.edu.co\/\/?p=5234"},"modified":"2015-07-08T15:17:33","modified_gmt":"2015-07-08T20:17:33","slug":"gobernador-ubeimar-delgado-respalda-emcali-ante-la-crisis-que-atraviesa","status":"publish","type":"post","link":"https:\/\/emisora.univalle.edu.co\/index.php\/gobernador-ubeimar-delgado-respalda-emcali-ante-la-crisis-que-atraviesa\/","title":{"rendered":"Gobernador Ubeimar Delgado respalda Emcali ante la crisis que atraviesa"},"content":{"rendered":"<p>En sesi\u00f3n del Bloque Regional de Congresistas del Valle, el gobernador del departamento, Ubeimar Delgado Bland\u00f3n mostr\u00f3 su preocupaci\u00f3n ante la crisis en la que se encuentra inmersa Emcali por problemas de contrataci\u00f3n y evidenci\u00f3 su total rechazo a una nueva intervenci\u00f3n de la empresa de servicios p\u00fablicos de Cali.<\/p>\n<p>Para el gobernador del Valle esta situaci\u00f3n de Emcali es compleja y se debe aclarar con los documentos y soportes t\u00e9cnicos necesarios para que se solucione la problem\u00e1tica.<\/p>\n<p>\u201cAlbergo la esperanza que esto se aclare para el bien de la ciudad y como gobierno departamental estamos para apoyar la institucionalidad\u201d, asever\u00f3 Delgado Bland\u00f3n.<\/p>\n<p>La jornada estuvo liderada por el Mandatario vallecaucano y cont\u00f3 tambi\u00e9n con el concurso de senadores y representantes a la C\u00e1mara del Valle del Cauca,\u00a0 representantes de los gremios locales y regionales y la C\u00e1mara de Comercio de Cali que ejerce la secretar\u00eda t\u00e9cnica del Bloque Regional.<\/p>\n<p>El Bloque Regional y de congresistas es el espacio para generar consensos entre los congresistas el sector p\u00fablico y privado de la regi\u00f3n alrededor de una agenda concertada para la construcci\u00f3n de una regi\u00f3n m\u00e1s pr\u00f3spera y competitiva.<\/p>\n<p>Fuente: Comunicaciones Gobernaci\u00f3n<\/p>\n","protected":false},"excerpt":{"rendered":"<p>En sesi\u00f3n del Bloque Regional de Congresistas del Valle, el gobernador del departamento, Ubeimar Delgado Bland\u00f3n mostr\u00f3 su preocupaci\u00f3n ante la crisis en la que se encuentra inmersa Emcali por problemas de contrataci\u00f3n y evidenci\u00f3 su total rechazo a una nueva intervenci\u00f3n de la empresa de servicios p\u00fablicos de Cali.[&#8230;]<\/p>\n","protected":false},"author":1,"featured_media":5205,"comment_status":"open","ping_status":"open","sticky":false,"template":"","format":"standard","meta":{"footnotes":""},"categories":[4],"tags":[],"_links":{"self":[{"href":"https:\/\/emisora.univalle.edu.co\/index.php\/wp-json\/wp\/v2\/posts\/5234"}],"collection":[{"href":"https:\/\/emisora.univalle.edu.co\/index.php\/wp-json\/wp\/v2\/posts"}],"about":[{"href":"https:\/\/emisora.univalle.edu.co\/index.php\/wp-json\/wp\/v2\/types\/post"}],"author":[{"embeddable":true,"href":"https:\/\/emisora.univalle.edu.co\/index.php\/wp-json\/wp\/v2\/users\/1"}],"replies":[{"embeddable":true,"href":"https:\/\/emisora.univalle.edu.co\/index.php\/wp-json\/wp\/v2\/comments?post=5234"}],"version-history":[{"count":1,"href":"https:\/\/emisora.univalle.edu.co\/index.php\/wp-json\/wp\/v2\/posts\/5234\/revisions"}],"predecessor-version":[{"id":5235,"href":"https:\/\/emisora.univalle.edu.co\/index.php\/wp-json\/wp\/v2\/posts\/5234\/revisions\/5235"}],"wp:featuredmedia":[{"embeddable":true,"href":"https:\/\/emisora.univalle.edu.co\/index.php\/wp-json\/wp\/v2\/media\/5205"}],"wp:attachment":[{"href":"https:\/\/emisora.univalle.edu.co\/index.php\/wp-json\/wp\/v2\/media?parent=5234"}],"wp:term":[{"taxonomy":"category","embeddable":true,"href":"https:\/\/emisora.univalle.edu.co\/index.php\/wp-json\/wp\/v2\/categories?post=5234"},{"taxonomy":"post_tag","embeddable":true,"href":"https:\/\/emisora.univalle.edu.co\/index.php\/wp-json\/wp\/v2\/tags?post=5234"}],"curies":[{"name":"wp","href":"https:\/\/api.w.org\/{rel}","templated":true}]}}