{"id":5261,"date":"2015-07-09T15:40:05","date_gmt":"2015-07-09T20:40:05","guid":{"rendered":"https:\/\/emisora.univalle.edu.co\/\/?p=5261"},"modified":"2015-08-04T16:46:14","modified_gmt":"2015-08-04T21:46:14","slug":"diplomado","status":"publish","type":"post","link":"https:\/\/emisora.univalle.edu.co\/index.php\/diplomado\/","title":{"rendered":"Becas acad\u00e9micas para el diplomado \u201cSe\u00f1ales de Paz, comunicaci\u00f3n \u2013 radio \u2013 cultura\u201d"},"content":{"rendered":"<p><ins style=\"line-height: 1.5em;\" cite=\"mailto:Esmeralda%20Ortiz\" datetime=\"2015-07-08T16:09\">Desde el 7 de julio se encuentra abierta la convocatoria para el diplomado <\/ins><ins style=\"line-height: 1.5em;\" cite=\"mailto:Esmeralda%20Ortiz\" datetime=\"2015-07-08T16:10\">\u201cSE\u00d1ALES DE PAZ, Comunicaci\u00f3n- radio-cultura\u201d con el objeto de brindar elementos a <\/ins><ins style=\"line-height: 1.5em;\" cite=\"mailto:Esmeralda%20Ortiz\" datetime=\"2015-07-08T16:12\">los <\/ins><ins style=\"line-height: 1.5em;\" cite=\"mailto:Esmeralda%20Ortiz\" datetime=\"2015-07-08T16:13\">productores de contenidos radiales<\/ins><ins style=\"line-height: 1.5em;\" cite=\"mailto:Esmeralda%20Ortiz\" datetime=\"2015-07-08T16:12\"> para <\/ins><ins style=\"line-height: 1.5em;\" cite=\"mailto:Esmeralda%20Ortiz\" datetime=\"2015-07-08T16:13\">la promoci\u00f3n de una cultura de paz.<\/ins><\/p>\n<p><ins cite=\"mailto:Esmeralda%20Ortiz\" datetime=\"2015-07-08T16:14\">Este diplomado hace parte de los procesos de formaci<\/ins><ins cite=\"mailto:Esmeralda%20Ortiz\" datetime=\"2015-07-08T16:15\">\u00f3n <\/ins><ins cite=\"mailto:Esmeralda%20Ortiz\" datetime=\"2015-07-08T16:14\">\u00a0que <\/ins><del cite=\"mailto:Esmeralda%20Ortiz\" datetime=\"2015-07-08T16:14\"><\/del><ins cite=\"mailto:Esmeralda%20Ortiz\" datetime=\"2015-07-08T16:15\">el<\/ins>\u00a0Ministerio de Cultura est\u00e1 desarrollando con la comunidad, para promover\u00a0la Convivencia Pac\u00edfica y la construcci\u00f3n de una Cultura de Paz en Colombia. Este a\u00f1o en convenio con la Fundaci\u00f3n Universidad del Valle y Univalle Est\u00e9reo 105.3 FM desarrollar\u00e1n el Diplomado <b>\u201cSE\u00d1ALES DE PAZ, Comunicaci\u00f3n \u2013radio \u2013cultura\u201d<\/b>, para lo cual se entregar\u00e1n 30 becas acad\u00e9micas para asistir a este proceso formativo.<\/p>\n<p>Hasta el\u00a0 31 de Julio de 2015, estar\u00e1 abierta la convocatoria para aplicar a\u00a0 las 30 becas acad\u00e9micas completas para todo el pa\u00eds.<\/p>\n<p>El diplomado tiene dos fases una virtual y otra presencial.<\/p>\n<p>La fase virtual se realizar\u00e1 desde el 24 de Agosto hasta el 30 de Septiembre. La fase presencial ser\u00e1 desde el 5\u00a0 al 10 de Octubre de 2015\u00a0 en la ciudad de Cali<ins cite=\"mailto:Proyecto\" datetime=\"2015-07-09T09:54\">, para lo cual los participantes\u00a0 seleccionados contar\u00e1n\u00a0 con todos los gatos cubiertos. <\/ins><del cite=\"mailto:Proyecto\" datetime=\"2015-07-09T09:54\">.<\/del><\/p>\n<p>El Contenido del Diplomado Virtual y Presencial se dividir\u00e1 en tres m\u00f3dulos:<\/p>\n<p><b><ins cite=\"mailto:Esmeralda%20Ortiz\" datetime=\"2015-07-08T16:17\">\u00a0<\/ins><\/b><b>M\u00f3dulo 1:<\/b> <b>Construyendo paz desde la cultura<\/b>, Docente Jorge Enrique Caicedo. Director\u00a0 del programa acad\u00e9mico de Comunicaci\u00f3n Social-Periodismo Universidad del Valle, \u00a0Cali-Colombia<\/p>\n<p><b><ins cite=\"mailto:Proyecto\" datetime=\"2015-07-09T09:55\"><\/ins><\/b><b>M\u00f3dulo 2:<\/b> <b>Claves para la producci\u00f3n de c<\/b><b>ontenidos para la <\/b><b>Paz<\/b>, Docente Jos\u00e9 Ignacio L\u00f3pez Vigil.Conferencista, Investigador, Productor, Director y docente de Radio, Fundador de la Asociaci\u00f3n Mundial de Radios Comunitarias (Amarc) para Latinoam\u00e9rica.<\/p>\n<p><b style=\"line-height: 1.5em;\">M\u00f3dulo 3:<\/b><b style=\"line-height: 1.5em;\">Innovaci\u00f3n y creatividad: formato<\/b><b style=\"line-height: 1.5em;\">s nuevos y nuevas narrativas<\/b><span style=\"line-height: 1.5em;\">, Docente\u00a0 Jos\u00e9 Luis Valderrama. Comunicador Social con \u00e9nfasis en G\u00e9neros Audiovisuales (Universidad del Valle, Cali-Colombia) y estudios de Especializaci\u00f3n en Comunicaci\u00f3n Radiof\u00f3nica (Universidad Nacional de La Plata, la Plata-Argentina)<\/span><\/p>\n<p>El Diplomado est\u00e1 dirigido a Productores radiales de todo el pa\u00eds, mayores de 18 a\u00f1os, vinculados a emisoras comunitarias y de inter\u00e9s p\u00fablico o centros de producci\u00f3n de contenidos culturales.<\/p>\n<p>Las personas interesadas en participar deber\u00e1n presentar una propuesta para desarrollar un microprograma radial\u00a0 de m\u00e1ximo cinco (5) minutos, durante el proceso de formaci\u00f3n.<\/p>\n<p>La selecci\u00f3n\u00a0 de los postulantes se realizar\u00e1\u00a0 a trav\u00e9s de un comit\u00e9 de evaluaci\u00f3n, conformado por dos delegados de la Fundaci\u00f3n Universidad del Valle\/Emisora Univalle Est\u00e9reo 105.3 fm y un delegado de la Direcci\u00f3n de Comunicaciones del Ministerio de Cultura.<\/p>\n<p>Como resultado del proceso de formaci\u00f3n, los participantes realizar\u00e1n un<ins cite=\"mailto:Esmeralda%20Ortiz\" datetime=\"2015-07-08T16:16\">a<\/ins> <del cite=\"mailto:Esmeralda%20Ortiz\" datetime=\"2015-07-08T16:16\"><\/del><ins cite=\"mailto:Esmeralda%20Ortiz\" datetime=\"2015-07-08T16:16\">producci\u00f3n <\/ins>radial <del cite=\"mailto:Esmeralda%20Ortiz\" datetime=\"2015-07-08T16:16\"><\/del><ins cite=\"mailto:Esmeralda%20Ortiz\" datetime=\"2015-07-08T16:16\">de<\/ins>\u00a0m\u00e1ximo cinco (5) minutos<ins cite=\"mailto:Esmeralda%20Ortiz\" datetime=\"2015-07-08T16:17\"> de duraci\u00f3n <\/ins>\u00a0como evaluaci\u00f3n final y obtendr\u00e1n\u00a0 el certificado de asistencia al diplomado.<\/p>\n<p><ins cite=\"mailto:Esmeralda%20Ortiz\" datetime=\"2015-07-08T16:17\">Mayores informes\u00a0<\/ins>sobre la convocatoria en el siguiente enlace:<\/p>\n<p><a title=\"Diplomado\" href=\"https:\/\/emisora.univalle.edu.co\/\/wp-content\/uploads\/2015\/07\/convocatoriadiplomado1.pdf\" target=\"_blank\" rel=\"nofollow\">https:\/\/emisora.univalle.edu.co\/\/wp-content\/uploads\/2015\/07\/convocatoriadiplomado1.pdf<\/a><\/p>\n<p><b style=\"line-height: 1.5em;\">Web:<\/b><span style=\"color: #0000ff;\"><a style=\"line-height: 1.5em;\" href=\"https:\/\/emisora.univalle.edu.co\/\" target=\"_blank\"><span style=\"color: #0000ff;\">https:\/\/emisora.univalle.edu.co\/<\/span><\/a><\/span><\/p>\n<p><b>Correo electr\u00f3nico:<\/b> <a href=\"mailto:diplomadosenalesdepaz@gmail.com\">diplomadosenalesdepaz@gmail.com<\/a><\/p>\n<p><b>Twitter: <\/b><a href=\"https:\/\/twitter.com\/senalesdepaz\" target=\"_blank\">@senalesdepaz<\/a><\/p>\n<p><b>Fanpage:<\/b> Diplomado se\u00f1ales de paz<\/p>\n<p>Descargue aqu\u00ed\u00a0<a title=\"Anexos\" href=\"https:\/\/emisora.univalle.edu.co\/\/wp-content\/uploads\/2015\/07\/ANEXOS-CONVOCATORIA-DIPLOMADO-SE\u00d1ALES-DE-PAZ.docx\">Anexos<\/a><\/p>\n<p>&nbsp;<\/p>\n<p><b style=\"line-height: 1.5em;\">Patricia Eche<\/b><\/p>\n<p><b>Asistente Producci\u00f3n\u00a0 Diplomado<\/b><\/p>\n<p><b>Celular: <\/b>(311) 621 87 16<b> <\/b><\/p>\n<p><b>Tel:<\/b> (032)\u00a0 339 72 73<\/p>\n<p>Cali, Colomb<ins cite=\"mailto:Proyecto\" datetime=\"2015-07-09T09:53\">ia<\/ins><\/p>\n","protected":false},"excerpt":{"rendered":"<p>Desde el 7 de julio se encuentra abierta la convocatoria para el diplomado \u201cSE\u00d1ALES DE PAZ, Comunicaci\u00f3n- radio-cultura\u201d con el objeto de brindar elementos a los productores de contenidos radiales para la promoci\u00f3n de una cultura de paz. Este diplomado hace parte de los procesos de formaci\u00f3n \u00a0que el\u00a0Ministerio de[&#8230;]<\/p>\n","protected":false},"author":1,"featured_media":5159,"comment_status":"open","ping_status":"open","sticky":false,"template":"","format":"standard","meta":{"footnotes":""},"categories":[4],"tags":[],"_links":{"self":[{"href":"https:\/\/emisora.univalle.edu.co\/index.php\/wp-json\/wp\/v2\/posts\/5261"}],"collection":[{"href":"https:\/\/emisora.univalle.edu.co\/index.php\/wp-json\/wp\/v2\/posts"}],"about":[{"href":"https:\/\/emisora.univalle.edu.co\/index.php\/wp-json\/wp\/v2\/types\/post"}],"author":[{"embeddable":true,"href":"https:\/\/emisora.univalle.edu.co\/index.php\/wp-json\/wp\/v2\/users\/1"}],"replies":[{"embeddable":true,"href":"https:\/\/emisora.univalle.edu.co\/index.php\/wp-json\/wp\/v2\/comments?post=5261"}],"version-history":[{"count":10,"href":"https:\/\/emisora.univalle.edu.co\/index.php\/wp-json\/wp\/v2\/posts\/5261\/revisions"}],"predecessor-version":[{"id":5725,"href":"https:\/\/emisora.univalle.edu.co\/index.php\/wp-json\/wp\/v2\/posts\/5261\/revisions\/5725"}],"wp:featuredmedia":[{"embeddable":true,"href":"https:\/\/emisora.univalle.edu.co\/index.php\/wp-json\/wp\/v2\/media\/5159"}],"wp:attachment":[{"href":"https:\/\/emisora.univalle.edu.co\/index.php\/wp-json\/wp\/v2\/media?parent=5261"}],"wp:term":[{"taxonomy":"category","embeddable":true,"href":"https:\/\/emisora.univalle.edu.co\/index.php\/wp-json\/wp\/v2\/categories?post=5261"},{"taxonomy":"post_tag","embeddable":true,"href":"https:\/\/emisora.univalle.edu.co\/index.php\/wp-json\/wp\/v2\/tags?post=5261"}],"curies":[{"name":"wp","href":"https:\/\/api.w.org\/{rel}","templated":true}]}}