{"id":5264,"date":"2015-07-09T15:44:48","date_gmt":"2015-07-09T20:44:48","guid":{"rendered":"https:\/\/emisora.univalle.edu.co\/\/?p=5264"},"modified":"2015-07-09T15:44:48","modified_gmt":"2015-07-09T20:44:48","slug":"se-inauguro-punto-vive-digital-en-desepaz","status":"publish","type":"post","link":"https:\/\/emisora.univalle.edu.co\/index.php\/se-inauguro-punto-vive-digital-en-desepaz\/","title":{"rendered":"Se inaugur\u00f3 Punto Vive Digital en Desepaz"},"content":{"rendered":"<p><span style=\"line-height: 1.5em;\">Quienes viven en el barrio Desepaz y en los sectores aleda\u00f1os a esta zona de la comuna 21 pueden acceder desde ya a la tecnolog\u00eda y de forma gratuita. Una nueva era digital que vivir\u00e1n ni\u00f1os, j\u00f3venes y adultos en el Punto Vive Digital \u2013PVD- del barrio Desepaz, que desde ya abri\u00f3 sus puertas.\u00a0<\/span><\/p>\n<p><a href=\"https:\/\/emisora.univalle.edu.co\/\/wp-content\/uploads\/2015\/07\/Desepaz-Estrena-Punto-Vive-Digital-12.jpg\" data-lightbox=\"gal[5264]\"><img loading=\"lazy\" decoding=\"async\" class=\" wp-image-5253 alignright\" alt=\"Desepaz Estrena Punto Vive Digital (12)\" src=\"https:\/\/emisora.univalle.edu.co\/\/wp-content\/uploads\/2015\/07\/Desepaz-Estrena-Punto-Vive-Digital-12-150x150.jpg\" width=\"300\" height=\"170\" \/><\/a>En este lugar, inaugurado este jueves 9 de julio por la viceministra de Tecnolog\u00edas de la Informaci\u00f3n y las Comunicaciones, Mar\u00eda Carolina Hoyos; el alcalde de Cali, Rodrigo Guerrero Velasco, y el asesor de Telem\u00e1tica e Inform\u00e1tica de Cali, Roberto Reyes, los avances tecnol\u00f3gicos estar\u00e1n a la mano de quienes habitan esta zona del oriente cale\u00f1o.<\/p>\n<p>Ubicado en el CALI 21, este nuevo Punto Vive Digital se suma a los 21 ya existentes en la ciudad. 2 se encuentran ubicados en el CALI 15 en el barrio El Vallado y en el Tecnocentro Somos Pac\u00edfico, en el barrio Potrero Grande. Los restantes est\u00e1n distribuidos en 20 bibliotecas de la Red P\u00fablica de Bibliotecas del Municipio.<\/p>\n<p>Adicionalmente, se cuenta con tres Puntos Vive Digital Plus, cada uno en las instituciones educativas Isa\u00edas Duarte Cancino, Antonio Jos\u00e9 Camacho y\u00a0 Santo Tom\u00e1s. Al tiempo se cuenta con un ViveLab, ubicado en las instalaciones de Parquesoft.<\/p>\n<p>Con una inversi\u00f3n de $300 millones, el PVD del barrio Desepaz cuenta con un \u00e1rea de acceso a internet con disponibilidad de 20 port\u00e1tiles y un \u00e1rea de capacitaci\u00f3n en la que se distribuyen\u00a0 20 sillas, 10 port\u00e1tiles, un videoproyector y un tablero interactivo.<\/p>\n<p>Asimismo, tiene una zona de video juegos con dos consolas Xbox y un \u00e1rea de acceso a servicios de Gobierno en L\u00ednea, a trav\u00e9s de dos computadores \u2018All In One\u2019. En el mismo existe conectividad inal\u00e1mbrica y est\u00e1 dotado de c\u00e1maras de videovigilancia, conectadas a la Polic\u00eda Metropolitana de Cali, con el fin de garantizar seguridad del sitio.<\/p>\n<p>De esta manera, se espera que la comunidad se apropie de este espacio y lo use con\u00a0 responsabilidad, con el fin de recibir la cantidad de beneficios que actualmente generan las TIC, para mejorar la calidad de vida de los ciudadanos.<\/p>\n<p>Fuente: Comunicaciones Alcald\u00eda<\/p>\n","protected":false},"excerpt":{"rendered":"<p>Quienes viven en el barrio Desepaz y en los sectores aleda\u00f1os a esta zona de la comuna 21 pueden acceder desde ya a la tecnolog\u00eda y de forma gratuita. Una nueva era digital que vivir\u00e1n ni\u00f1os, j\u00f3venes y adultos en el Punto Vive Digital \u2013PVD- del barrio Desepaz, que desde[&#8230;]<\/p>\n","protected":false},"author":1,"featured_media":5259,"comment_status":"open","ping_status":"open","sticky":false,"template":"","format":"standard","meta":{"footnotes":""},"categories":[4],"tags":[],"_links":{"self":[{"href":"https:\/\/emisora.univalle.edu.co\/index.php\/wp-json\/wp\/v2\/posts\/5264"}],"collection":[{"href":"https:\/\/emisora.univalle.edu.co\/index.php\/wp-json\/wp\/v2\/posts"}],"about":[{"href":"https:\/\/emisora.univalle.edu.co\/index.php\/wp-json\/wp\/v2\/types\/post"}],"author":[{"embeddable":true,"href":"https:\/\/emisora.univalle.edu.co\/index.php\/wp-json\/wp\/v2\/users\/1"}],"replies":[{"embeddable":true,"href":"https:\/\/emisora.univalle.edu.co\/index.php\/wp-json\/wp\/v2\/comments?post=5264"}],"version-history":[{"count":1,"href":"https:\/\/emisora.univalle.edu.co\/index.php\/wp-json\/wp\/v2\/posts\/5264\/revisions"}],"predecessor-version":[{"id":5265,"href":"https:\/\/emisora.univalle.edu.co\/index.php\/wp-json\/wp\/v2\/posts\/5264\/revisions\/5265"}],"wp:featuredmedia":[{"embeddable":true,"href":"https:\/\/emisora.univalle.edu.co\/index.php\/wp-json\/wp\/v2\/media\/5259"}],"wp:attachment":[{"href":"https:\/\/emisora.univalle.edu.co\/index.php\/wp-json\/wp\/v2\/media?parent=5264"}],"wp:term":[{"taxonomy":"category","embeddable":true,"href":"https:\/\/emisora.univalle.edu.co\/index.php\/wp-json\/wp\/v2\/categories?post=5264"},{"taxonomy":"post_tag","embeddable":true,"href":"https:\/\/emisora.univalle.edu.co\/index.php\/wp-json\/wp\/v2\/tags?post=5264"}],"curies":[{"name":"wp","href":"https:\/\/api.w.org\/{rel}","templated":true}]}}