{"id":5272,"date":"2015-07-09T15:57:21","date_gmt":"2015-07-09T20:57:21","guid":{"rendered":"https:\/\/emisora.univalle.edu.co\/\/?p=5272"},"modified":"2015-07-09T15:57:35","modified_gmt":"2015-07-09T20:57:35","slug":"se-suspende-proceso-de-tercerizacion-de-facturacion-del-huv","status":"publish","type":"post","link":"https:\/\/emisora.univalle.edu.co\/index.php\/se-suspende-proceso-de-tercerizacion-de-facturacion-del-huv\/","title":{"rendered":"Se suspende proceso de tercerizaci\u00f3n de facturaci\u00f3n del HUV"},"content":{"rendered":"<p><strong style=\"line-height: 1.5em;\"><\/strong><span style=\"line-height: 1.5em;\">Posterior a una reuni\u00f3n de Junta Directiva del HUV el secretario de Salud del Departamento Fernando Guti\u00e9rrez Guti\u00e9rrez anunci\u00f3 que se acord\u00f3 la suspensi\u00f3n de la tercerizaci\u00f3n de la facturaci\u00f3n de la instituci\u00f3n hospitalaria.<\/span><br \/>\nEl Secretario de Salud Frenando Guti\u00e9rrez dijo que se discuti\u00f3 el tema sobre el contrato para tercerizar la facturaci\u00f3n del HUV y con unos argumentos t\u00e9cnicos solicit\u00f3 la negativa al proceso.<\/p>\n<p>\u201cEn el sentido de que estando hoy calificado de alto riesgo es muy arriesgado para el HUV asumir que la facturaci\u00f3n sega realizada por un tercero m\u00e1xime primero cuando los resultados se van a ver a mediano plazo, segundo que el tema es de recaudo de las diferentes obligaciones que tienen las Eps con el Hospital, lo que se tiene que fortalecer es el proceso de recuperaci\u00f3n de la cartera por eso el gerente acepto la recomendaci\u00f3n y se acord\u00f3 la suspensi\u00f3n de la tercerizaci\u00f3n de la facturaci\u00f3n\u201d, asever\u00f3 el funcionario.<\/p>\n<p>Guti\u00e9rrez Guti\u00e9rrez agreg\u00f3 que se tiene que encaminar al HUV hacia un Plan de Mejoramiento de car\u00e1cter urgente, \u201chemos convocado a mesas de trabajo con el Ministerio de Salud, la Superintendencia de Salud, la Procuradur\u00eda, el hospital, diputados bloque y sindicatos para que podamos tener claridad de la recuperaci\u00f3n financiera y su sostenibilidad en el tiempo por ser un patrimonio importante para el sur occidente colombiano, como hospital de alta complejidad en esta regi\u00f3n del pa\u00eds\u201d, finaliz\u00f3 el Secretario de Salud del Valle.<\/p>\n<p>Fuente: Comunicaciones Gobernaci\u00f3n<\/p>\n","protected":false},"excerpt":{"rendered":"<p>Posterior a una reuni\u00f3n de Junta Directiva del HUV el secretario de Salud del Departamento Fernando Guti\u00e9rrez Guti\u00e9rrez anunci\u00f3 que se acord\u00f3 la suspensi\u00f3n de la tercerizaci\u00f3n de la facturaci\u00f3n de la instituci\u00f3n hospitalaria. El Secretario de Salud Frenando Guti\u00e9rrez dijo que se discuti\u00f3 el tema sobre el contrato para[&#8230;]<\/p>\n","protected":false},"author":1,"featured_media":4326,"comment_status":"open","ping_status":"open","sticky":false,"template":"","format":"standard","meta":{"footnotes":""},"categories":[4],"tags":[],"_links":{"self":[{"href":"https:\/\/emisora.univalle.edu.co\/index.php\/wp-json\/wp\/v2\/posts\/5272"}],"collection":[{"href":"https:\/\/emisora.univalle.edu.co\/index.php\/wp-json\/wp\/v2\/posts"}],"about":[{"href":"https:\/\/emisora.univalle.edu.co\/index.php\/wp-json\/wp\/v2\/types\/post"}],"author":[{"embeddable":true,"href":"https:\/\/emisora.univalle.edu.co\/index.php\/wp-json\/wp\/v2\/users\/1"}],"replies":[{"embeddable":true,"href":"https:\/\/emisora.univalle.edu.co\/index.php\/wp-json\/wp\/v2\/comments?post=5272"}],"version-history":[{"count":2,"href":"https:\/\/emisora.univalle.edu.co\/index.php\/wp-json\/wp\/v2\/posts\/5272\/revisions"}],"predecessor-version":[{"id":5274,"href":"https:\/\/emisora.univalle.edu.co\/index.php\/wp-json\/wp\/v2\/posts\/5272\/revisions\/5274"}],"wp:featuredmedia":[{"embeddable":true,"href":"https:\/\/emisora.univalle.edu.co\/index.php\/wp-json\/wp\/v2\/media\/4326"}],"wp:attachment":[{"href":"https:\/\/emisora.univalle.edu.co\/index.php\/wp-json\/wp\/v2\/media?parent=5272"}],"wp:term":[{"taxonomy":"category","embeddable":true,"href":"https:\/\/emisora.univalle.edu.co\/index.php\/wp-json\/wp\/v2\/categories?post=5272"},{"taxonomy":"post_tag","embeddable":true,"href":"https:\/\/emisora.univalle.edu.co\/index.php\/wp-json\/wp\/v2\/tags?post=5272"}],"curies":[{"name":"wp","href":"https:\/\/api.w.org\/{rel}","templated":true}]}}