{"id":5277,"date":"2015-07-09T16:00:38","date_gmt":"2015-07-09T21:00:38","guid":{"rendered":"https:\/\/emisora.univalle.edu.co\/\/?p=5277"},"modified":"2015-07-09T16:02:48","modified_gmt":"2015-07-09T21:02:48","slug":"plan-de-movilidad","status":"publish","type":"post","link":"https:\/\/emisora.univalle.edu.co\/index.php\/plan-de-movilidad\/","title":{"rendered":"Plan de Movilidad de Univalle, a M\u00e9xico"},"content":{"rendered":"<p><span style=\"line-height: 1.5em;\">Con el t\u00edtulo \u201cDise\u00f1o e Implementaci\u00f3n de una Pol\u00edtica de Movilidad en la Universidad del Valle, Cali (Colombia), el estudiante de Ciencias Pol\u00edticas del Alma Mater de los Vallecaucanos, Juan David Santamar\u00eda Mesa, representar\u00e1 a Colombia en el III Congreso Internacional de Ciencias Pol\u00edticas, en la Universidad de Guadalajara, M\u00e9xico.<\/span><\/p>\n<p>El evento, que se llevar\u00e1 a cabo entre el 15 y 18 de julio pr\u00f3ximo en las instalaciones del Centro Universitario de Ciencias Sociales y Humanidades (CUCSH) de la Universidad de Guadalajara, es organizado por la Asociaci\u00f3n Mexicana de Ciencias Pol\u00edticas (AMECIP).<\/p>\n<p>En este encuentro se espera la participaci\u00f3n de m\u00e1s de 200 expositores del continente entre quienes destacan polit\u00f3logos, investigadores, docentes, estudiantes de Ciencia Pol\u00edtica y disciplinas afines.<\/p>\n<p>Santamar\u00eda Mesa participar\u00e1 con su propuesta en la mesa de pol\u00edticas p\u00fablicas, destacando que ser\u00e1 el \u00fanico que va por el programa Profesional en Estudios Pol\u00edticos y Resoluci\u00f3n de Conflictos de la Universidad del Valle dando a conocer su trabajo.<\/p>\n<p>Santamar\u00eda es estudiante de la Universidad del Valle y desarroll\u00f3 su tesis de grado titulada: \u201cDescripci\u00f3n de una iniciativa de movilidad en la Universidad del Valle, caso uso de la bicicleta\u201d, un trabajo que le cambi\u00f3 la cara a la movilidad al centro de estudios y que podr\u00eda hacer lo mismo con Cali.<\/p>\n<p>La revolucionaria iniciativa de Santamar\u00eda, piloto para otras universidades del pa\u00eds, no pas\u00f3 desapercibida ni para el presidente de la Rep\u00fablica, Juan Manuel Santos Calder\u00f3n, quien mediante carta lo felicit\u00f3 a \u00e9l y a la Universidad del Valle por considerar que su\u202ftesis de grado \u201ccontribuye a la construcci\u00f3n de prosperidad con equidad\u201d.<\/p>\n<p>La importancia de este trabajo, hizo que la Fundaci\u00f3n de Apoyo, el pasado 11 de junio, galardonara a Santamar\u00eda por su proyecto.<\/p>\n<p>\u201cLas motos casi acaban con las tortugas\u202fy las \u202figuanas. Muchas murieron aplastadas\u201d, recuerda el joven universitario; entonces les propuso a sus coordinadores de tesis Germ\u00e1n Eduardo\u202fPerdomo\u202fy Rafael Vergara, que su trabajo de grado fuera sobre pol\u00edticas de movilidad al interior de la instituci\u00f3n\u202funiversitaria con el objeto de controlar el tr\u00e1fico de veh\u00edculos privilegiando a peatones y\u202f ciclistas y salvando, de paso, a las especies.<\/p>\n<p>En la Universidad circulan a diario 1.500 bicicletas, m\u00e1s de 1.500 motocicletas y unos mil automotores, buena parte de ellos de gente que, por no pagar parqueadero en Unicentro, los deja abandonados en las instalaciones de la instituci\u00f3n universitaria.<\/p>\n<p>Seg\u00fan Santamar\u00eda, la iniciativa de crear un parqueadero para motos ha sido el verdadero jalonador de todo: desde crear los carriles exclusivos para peatones y bicicletas con un n\u00famero que estas portan en stickers de seguridad, hasta controlar el ingreso de veh\u00edculos particulares y de carga: \u201cLa idea es que estas pol\u00edticas hagan del campus un lugar inteligente y amigable con el medio ambiente\u201d.<\/p>\n<p>Seg\u00fan el joven universitario, las medidas adoptadas con el Plan de Movilidad, no solo han mejorado la circulaci\u00f3n de peatones y bici usuarios, sino que ha reducido el n\u00famero de bicicletas robadas. Solo entre agosto y diciembre de 2014, los ladrones se sustrajeron 3 motos y 80 bicis del campus universitario.<\/p>\n<p>\u201cEn 2015, una vez se asumi\u00f3 el control de la movilidad, los robos desaparecieron\u201d, dijo Santamar\u00eda quien viajar\u00e1 a M\u00e9xico este 14 de julio para dar a conocer la experiencia que para muchos es revolucionaria.<\/p>\n<p>Entre los objetivos del congreso internacional, est\u00e1 el propiciar el encuentro entre acad\u00e9micos de las Ciencias Pol\u00edticas y disciplinas afines con el fin de intercambiar reflexiones, investigaciones y posturas te\u00f3ricas en torno a la problem\u00e1tica que aqueja la Legitimidad Pol\u00edtica e Integridad Electoral, as\u00ed como aquellos temas emergentes en la agenda pol\u00edtica y de investigaci\u00f3n relacionado con el tema.<\/p>\n<p>Tambi\u00e9n contempla la generaci\u00f3n de espacios para la creaci\u00f3n y consolidaci\u00f3n de redes de investigaci\u00f3n a nivel local, nacional e internacional; presentar publicaciones recientes que puedan difundirse a la amplia comunidad acad\u00e9mica mexicana y latinoamericana, como abrir oportunidades de aprendizaje e interacci\u00f3n entre los estudiantes, investigadores, especialistas e invitados magistrales.<\/p>\n<p><b>Fuente: Agencia de Noticias Univalle<\/b><\/p>\n","protected":false},"excerpt":{"rendered":"<p>Con el t\u00edtulo \u201cDise\u00f1o e Implementaci\u00f3n de una Pol\u00edtica de Movilidad en la Universidad del Valle, Cali (Colombia), el estudiante de Ciencias Pol\u00edticas del Alma Mater de los Vallecaucanos, Juan David Santamar\u00eda Mesa, representar\u00e1 a Colombia en el III Congreso Internacional de Ciencias Pol\u00edticas, en la Universidad de Guadalajara, M\u00e9xico.[&#8230;]<\/p>\n","protected":false},"author":1,"featured_media":5248,"comment_status":"open","ping_status":"open","sticky":false,"template":"","format":"standard","meta":{"footnotes":""},"categories":[4],"tags":[],"_links":{"self":[{"href":"https:\/\/emisora.univalle.edu.co\/index.php\/wp-json\/wp\/v2\/posts\/5277"}],"collection":[{"href":"https:\/\/emisora.univalle.edu.co\/index.php\/wp-json\/wp\/v2\/posts"}],"about":[{"href":"https:\/\/emisora.univalle.edu.co\/index.php\/wp-json\/wp\/v2\/types\/post"}],"author":[{"embeddable":true,"href":"https:\/\/emisora.univalle.edu.co\/index.php\/wp-json\/wp\/v2\/users\/1"}],"replies":[{"embeddable":true,"href":"https:\/\/emisora.univalle.edu.co\/index.php\/wp-json\/wp\/v2\/comments?post=5277"}],"version-history":[{"count":3,"href":"https:\/\/emisora.univalle.edu.co\/index.php\/wp-json\/wp\/v2\/posts\/5277\/revisions"}],"predecessor-version":[{"id":5280,"href":"https:\/\/emisora.univalle.edu.co\/index.php\/wp-json\/wp\/v2\/posts\/5277\/revisions\/5280"}],"wp:featuredmedia":[{"embeddable":true,"href":"https:\/\/emisora.univalle.edu.co\/index.php\/wp-json\/wp\/v2\/media\/5248"}],"wp:attachment":[{"href":"https:\/\/emisora.univalle.edu.co\/index.php\/wp-json\/wp\/v2\/media?parent=5277"}],"wp:term":[{"taxonomy":"category","embeddable":true,"href":"https:\/\/emisora.univalle.edu.co\/index.php\/wp-json\/wp\/v2\/categories?post=5277"},{"taxonomy":"post_tag","embeddable":true,"href":"https:\/\/emisora.univalle.edu.co\/index.php\/wp-json\/wp\/v2\/tags?post=5277"}],"curies":[{"name":"wp","href":"https:\/\/api.w.org\/{rel}","templated":true}]}}