{"id":5281,"date":"2015-07-09T16:06:29","date_gmt":"2015-07-09T21:06:29","guid":{"rendered":"https:\/\/emisora.univalle.edu.co\/\/?p=5281"},"modified":"2015-07-09T16:06:29","modified_gmt":"2015-07-09T21:06:29","slug":"nuevo-miembro-de-academia-colombiana-de-ciencias","status":"publish","type":"post","link":"https:\/\/emisora.univalle.edu.co\/index.php\/nuevo-miembro-de-academia-colombiana-de-ciencias\/","title":{"rendered":"Nuevo miembro de Academia Colombiana de Ciencias"},"content":{"rendered":"<p><span style=\"line-height: 1.5em;\"><a href=\"https:\/\/emisora.univalle.edu.co\/\/wp-content\/uploads\/2015\/07\/Academia-colombiana-de-las-ciencias1.jpg\" data-lightbox=\"gal[5281]\"><img loading=\"lazy\" decoding=\"async\" class=\" wp-image-5244 alignright\" alt=\"Academia colombiana de las ciencias1\" src=\"https:\/\/emisora.univalle.edu.co\/\/wp-content\/uploads\/2015\/07\/Academia-colombiana-de-las-ciencias1-150x150.jpg\" width=\"300\" height=\"300\" \/><\/a>En sesi\u00f3n solemne realizada en la Universidad del Valle, la Academia Colombiana de Ciencias F\u00edsicas, Exactas y Naturales \u2013ACCEFYN, entreg\u00f3 al profesor Jaime Cantera Kintz las credenciales que lo reconocen como miembro de n\u00famero.<\/span><\/p>\n<p>Las credenciales son un pergamino y una medalla que simbolizan el reconocimiento como investigador que ha hecho grandes aportes a la ciencia.<\/p>\n<p>La sesi\u00f3n de la Academia fue presidida por su presidente Enrique Forero y el expresidente de la ACCEFYN Jaime Rodr\u00edguez Lara. Tambi\u00e9n asistieron el rector Iv\u00e1n Enrique Ramos Calder\u00f3n y la vicerrectora de investigaciones de la Universidad del Valle \u00c1ngela Mar\u00eda Franco, adem\u00e1s de los miembros de n\u00famero y de correspondencia de la Academia.<\/p>\n<p>El profesor Jaime \u00a0Cantera Kintz es Bi\u00f3logo de la Universidad del Valle, con un doctorado (Ph.D.) en oceanolog\u00eda de la Universite D&#8217;Aix-Marseille II de Francia, y un posdoctorado en el Centro de Oceanolog\u00eda y la Estaci\u00f3n Marina de Endoume de Marsella, Francia.<\/p>\n<p>Cuenta con 55 publicaciones internacionales y 63 nacionales. Ha publicado ocho libros completos y varios cap\u00edtulos de libros; ha recibido varios premios nacionales e internacionales por su trabajo en Ciencias del Mar, entre ellos dos premios nacionales de Ecolog\u00eda (1987, 1997) del Fondo Jos\u00e9 Celestino Mutis de la Financiera El\u00e9ctrica Nacional y uno de medio ambiente y desarrollo sostenible de la Fundaci\u00f3n Alejandro \u00c1ngel Escobar (2011).<\/p>\n<p>En 1980 obtuvo premio en el Congreso Nacional de Ciencias Biol\u00f3gicas y en 1999 gan\u00f3 el Premio en ecolog\u00eda del Congreso Nacional de la Asociaci\u00f3n Colombiana de Ciencias Biol\u00f3gicas. Es docente de la Universidad del Valle desde hace 37 a\u00f1os y Miembro Correspondiente de la Acad\u00e9mica de Ciencias Exactas, F\u00edsicas y Naturales desde el a\u00f1o 2002.<\/p>\n<p>Durante la sesi\u00f3n solemne de la ACCEFYN, el profesor Cantera Recio fue presentado por los tambi\u00e9n miembros de n\u00famero, Patricia Chac\u00f3n de Ulloa y Rub\u00e9n Vargas.<\/p>\n<p><a href=\"https:\/\/emisora.univalle.edu.co\/\/wp-content\/uploads\/2015\/07\/Academia-colombiana-de-las-ciencias2.jpg\" data-lightbox=\"gal[5281]\"><img loading=\"lazy\" decoding=\"async\" class=\"wp-image-5245 alignleft\" alt=\"Academia colombiana de las ciencias2\" src=\"https:\/\/emisora.univalle.edu.co\/\/wp-content\/uploads\/2015\/07\/Academia-colombiana-de-las-ciencias2-150x150.jpg\" width=\"300\" height=\"300\" srcset=\"https:\/\/emisora.univalle.edu.co\/wp-content\/uploads\/2015\/07\/Academia-colombiana-de-las-ciencias2-150x150.jpg 150w, https:\/\/emisora.univalle.edu.co\/wp-content\/uploads\/2015\/07\/Academia-colombiana-de-las-ciencias2-438x438.jpg 438w\" sizes=\"(max-width: 300px) 100vw, 300px\" \/><\/a>La Academia Colombiana de Ciencias F\u00edsicas, Exactas y Naturales reconoce a los cient\u00edficos que se destacan por sus aportes a estas ramas de la ciencia; fomenta y apoya la investigaci\u00f3n cient\u00edfica; contribuye a la divulgaci\u00f3n y a la apropiaci\u00f3n de la ciencia como elemento de cultura y desarrollo econ\u00f3mico y social y coopera en el mejoramiento de la ense\u00f1anza de las ciencias.<\/p>\n<p>La Academia colabora con entidades p\u00fablicas y privadas, nacionales e internacionales, en la construcci\u00f3n y apropiaci\u00f3n del conocimiento cient\u00edfico, adem\u00e1s, es cuerpo consultivo del Gobierno Nacional.<\/p>\n<p>La ACCEFYN fue creada hace 79 a\u00f1os, en forma similar a las academias de ciencias de Europa y tiene 55 miembros de n\u00famero, de los cuales se elige la junta directiva.<\/p>\n<p>Tambi\u00e9n son miembros de la Academia los profesores de la Universidad del Valle Pedro Prieto, Mar\u00eda Elena G\u00f3mez de Prieto, Germ\u00e1n P\u00e9rez, Patricia Chac\u00f3n de Ulloa, Rub\u00e9n Vargas, Luis Carlos Arboleda, Luz Marina Jaramillo, H\u00e9ctor Fabio Zuluaga, S\u00f3crates Herrera y Jos\u00e9 Ra\u00fal Quintero, entre otros.<\/p>\n<p>Ver discurso del rector Iv\u00e1n Enrique Ramos Calder\u00f3n. http:\/\/comunicaciones.univalle.edu.co\/discurso-rector-sesion-academia-ciencias.pdf<\/p>\n<p><b>Fuente: Agencia de Noticias Univalle<\/b><\/p>\n","protected":false},"excerpt":{"rendered":"<p>En sesi\u00f3n solemne realizada en la Universidad del Valle, la Academia Colombiana de Ciencias F\u00edsicas, Exactas y Naturales \u2013ACCEFYN, entreg\u00f3 al profesor Jaime Cantera Kintz las credenciales que lo reconocen como miembro de n\u00famero. Las credenciales son un pergamino y una medalla que simbolizan el reconocimiento como investigador que ha[&#8230;]<\/p>\n","protected":false},"author":1,"featured_media":5246,"comment_status":"open","ping_status":"open","sticky":false,"template":"","format":"standard","meta":{"footnotes":""},"categories":[4],"tags":[],"_links":{"self":[{"href":"https:\/\/emisora.univalle.edu.co\/index.php\/wp-json\/wp\/v2\/posts\/5281"}],"collection":[{"href":"https:\/\/emisora.univalle.edu.co\/index.php\/wp-json\/wp\/v2\/posts"}],"about":[{"href":"https:\/\/emisora.univalle.edu.co\/index.php\/wp-json\/wp\/v2\/types\/post"}],"author":[{"embeddable":true,"href":"https:\/\/emisora.univalle.edu.co\/index.php\/wp-json\/wp\/v2\/users\/1"}],"replies":[{"embeddable":true,"href":"https:\/\/emisora.univalle.edu.co\/index.php\/wp-json\/wp\/v2\/comments?post=5281"}],"version-history":[{"count":1,"href":"https:\/\/emisora.univalle.edu.co\/index.php\/wp-json\/wp\/v2\/posts\/5281\/revisions"}],"predecessor-version":[{"id":5282,"href":"https:\/\/emisora.univalle.edu.co\/index.php\/wp-json\/wp\/v2\/posts\/5281\/revisions\/5282"}],"wp:featuredmedia":[{"embeddable":true,"href":"https:\/\/emisora.univalle.edu.co\/index.php\/wp-json\/wp\/v2\/media\/5246"}],"wp:attachment":[{"href":"https:\/\/emisora.univalle.edu.co\/index.php\/wp-json\/wp\/v2\/media?parent=5281"}],"wp:term":[{"taxonomy":"category","embeddable":true,"href":"https:\/\/emisora.univalle.edu.co\/index.php\/wp-json\/wp\/v2\/categories?post=5281"},{"taxonomy":"post_tag","embeddable":true,"href":"https:\/\/emisora.univalle.edu.co\/index.php\/wp-json\/wp\/v2\/tags?post=5281"}],"curies":[{"name":"wp","href":"https:\/\/api.w.org\/{rel}","templated":true}]}}