{"id":5306,"date":"2015-07-10T15:13:17","date_gmt":"2015-07-10T20:13:17","guid":{"rendered":"https:\/\/emisora.univalle.edu.co\/\/?p=5306"},"modified":"2015-07-10T15:13:17","modified_gmt":"2015-07-10T20:13:17","slug":"tumaco-ya-tiene-agua-para-consumo-humano-en-tiempo-record","status":"publish","type":"post","link":"https:\/\/emisora.univalle.edu.co\/index.php\/tumaco-ya-tiene-agua-para-consumo-humano-en-tiempo-record\/","title":{"rendered":"Tumaco ya tiene agua para consumo humano en tiempo record"},"content":{"rendered":"<p><span style=\"line-height: 1.5em;\">\u00a0\u201cEn un tiempo r\u00e9cord le estamos devolviendo el agua a Tumaco\u201d, dijo el Ministro de Vivienda, Ciudad y Territorio, Luis Felipe Henao Cardona, desde esta poblaci\u00f3n nari\u00f1ense hasta donde lleg\u00f3 esta ma\u00f1ana para restablecer el servicio de agua potable, tras el atentado de las Farc contra el oleoducto Trasandino el pasado 21 de junio.<\/span><br \/>\n\u201cDesde que ocurri\u00f3 la emergencia comenzamos a trabajar para para suministrar agua potable a la poblaci\u00f3n afectada. El compromiso del Gobierno Nacional era restablecer el servicio en 45 d\u00edas y hoy cumplimos 20 d\u00edas antes de lo prometido\u201d, dijo el Ministro de Vivienda y Agua, Luis Felipe Henao Cardona, luego de realizar un recorrido por la planta de tratamiento de agua potable y verificar que la bocatoma del acueducto entr\u00f3 en funcionamiento.<\/p>\n<p>El Ministro explic\u00f3 que el servicio empezar\u00e1 a llegar por sectores. \u201cVamos empezar con todo el sector Continental y despu\u00e9s vamos a llegar a Los Morros y a la zona de Nuevo Tumaco para distribuir el agua potable. Vamos a llegar por sectores tres d\u00edas a la semana, 24 horas y despu\u00e9s a otros sectores de manera paulatina\u201d.<\/p>\n<p>Henao inform\u00f3 que con estudios se comprob\u00f3 que el agua es \u00f3ptima para el consumo humano y por eso las condiciones estuvieron dadas para que el servicio volviera a su normalidad. \u201cSe hicieron tres pruebas fundamentales, una por la Empresa de Servicios P\u00fablicos, una prueba por la el Ministerio de Salud y una m\u00e1s por la Dimar\u201d.<\/p>\n<p>\u201cSe deber\u00e1n hacer mayores inversiones en cobertura, este a\u00f1o esperamos mejorar el servicio de acueducto en un 70% y esperamos hacer una inversi\u00f3n de 25 mil millones de pesos y con esto llegar a un 100% de cobertura el pr\u00f3ximo a\u00f1o y dar un mejor servicio\u201d, sostuvo Henao Cardona, quien agreg\u00f3 que Tumaco tendr\u00e1 sin lugar a dudas uno de los mejores acueductos.<\/p>\n<p>El Ministro agradeci\u00f3 el esfuerzo de las Fuerzas Armadas de Colombia y de Ecopetrol para cumplirles a los tumaque\u00f1os. \u201cEl mensaje para los tumaque\u00f1os es de esperanza y compromiso del Gobierno Santos para trabajar por ellos y no dejarlos solos\u201d, puntualiz\u00f3 el Ministro Henao Cardona.<\/p>\n<p>Fuente: Comunicaciones Ministerio de Vivienda<\/p>\n","protected":false},"excerpt":{"rendered":"<p>\u00a0\u201cEn un tiempo r\u00e9cord le estamos devolviendo el agua a Tumaco\u201d, dijo el Ministro de Vivienda, Ciudad y Territorio, Luis Felipe Henao Cardona, desde esta poblaci\u00f3n nari\u00f1ense hasta donde lleg\u00f3 esta ma\u00f1ana para restablecer el servicio de agua potable, tras el atentado de las Farc contra el oleoducto Trasandino el[&#8230;]<\/p>\n","protected":false},"author":1,"featured_media":5293,"comment_status":"open","ping_status":"open","sticky":false,"template":"","format":"standard","meta":{"footnotes":""},"categories":[4],"tags":[],"_links":{"self":[{"href":"https:\/\/emisora.univalle.edu.co\/index.php\/wp-json\/wp\/v2\/posts\/5306"}],"collection":[{"href":"https:\/\/emisora.univalle.edu.co\/index.php\/wp-json\/wp\/v2\/posts"}],"about":[{"href":"https:\/\/emisora.univalle.edu.co\/index.php\/wp-json\/wp\/v2\/types\/post"}],"author":[{"embeddable":true,"href":"https:\/\/emisora.univalle.edu.co\/index.php\/wp-json\/wp\/v2\/users\/1"}],"replies":[{"embeddable":true,"href":"https:\/\/emisora.univalle.edu.co\/index.php\/wp-json\/wp\/v2\/comments?post=5306"}],"version-history":[{"count":1,"href":"https:\/\/emisora.univalle.edu.co\/index.php\/wp-json\/wp\/v2\/posts\/5306\/revisions"}],"predecessor-version":[{"id":5307,"href":"https:\/\/emisora.univalle.edu.co\/index.php\/wp-json\/wp\/v2\/posts\/5306\/revisions\/5307"}],"wp:featuredmedia":[{"embeddable":true,"href":"https:\/\/emisora.univalle.edu.co\/index.php\/wp-json\/wp\/v2\/media\/5293"}],"wp:attachment":[{"href":"https:\/\/emisora.univalle.edu.co\/index.php\/wp-json\/wp\/v2\/media?parent=5306"}],"wp:term":[{"taxonomy":"category","embeddable":true,"href":"https:\/\/emisora.univalle.edu.co\/index.php\/wp-json\/wp\/v2\/categories?post=5306"},{"taxonomy":"post_tag","embeddable":true,"href":"https:\/\/emisora.univalle.edu.co\/index.php\/wp-json\/wp\/v2\/tags?post=5306"}],"curies":[{"name":"wp","href":"https:\/\/api.w.org\/{rel}","templated":true}]}}