{"id":5310,"date":"2015-07-10T15:31:17","date_gmt":"2015-07-10T20:31:17","guid":{"rendered":"https:\/\/emisora.univalle.edu.co\/\/?p=5310"},"modified":"2015-07-10T15:31:17","modified_gmt":"2015-07-10T20:31:17","slug":"1450-policias-velaran-por-la-seguridad-en-el-mundial-de-atletismo-de-menores","status":"publish","type":"post","link":"https:\/\/emisora.univalle.edu.co\/index.php\/1450-policias-velaran-por-la-seguridad-en-el-mundial-de-atletismo-de-menores\/","title":{"rendered":"1450 polic\u00edas velar\u00e1n por la seguridad en el Mundial de Atletismo de Menores"},"content":{"rendered":"<p><span style=\"line-height: 1.5em;\">Con el prop\u00f3sito de garantizar la seguridad de los deportistas y sus delegaciones durante el Campeonato Mundial de Atletismo de Menores, que se tendr\u00e1 lugar en Cali entre el 15 y el 19 de julio, la Polic\u00eda Nacional dispuso de 1450 uniformados.<\/span><\/p>\n<p>La secretaria de Gobierno Municipal, Laura Beatriz Lugo Mar\u00edn, asegur\u00f3 que desde el momento en que empezaron a llegar los primeros participantes\u00a0 han tenido el acompa\u00f1amiento permanente de la polic\u00eda durante sus desplazamientos.<\/p>\n<p>\u201cPara la ciudad es un orgullo ser epicentro de este certamen mundialista y recibir cerca de 1273 atletas de 154 pa\u00edses con sus delegaciones, periodistas, adem\u00e1s de los turistas. Es por ello que desde ya estamos preparados para que el campeonato trascurra en un ambiente de seguridad\u201d, dijo Lugo Mar\u00edn.<\/p>\n<p>En ese sentido, el comandante Operativo de la Polic\u00eda Metropolitana, coronel William S\u00e1nchez, manifest\u00f3 que se custodiar\u00e1n los espacios de acogida de los atletas y sus acompa\u00f1antes como son el Estadio Ol\u00edmpico Pascual Guerrero, Estadio de Atletismo Pedro Grajales, hoteles, centros comerciales y sitios tur\u00edsticos.<\/p>\n<p>Fuente: Comunicaciones Alcald\u00eda<\/p>\n","protected":false},"excerpt":{"rendered":"<p>Con el prop\u00f3sito de garantizar la seguridad de los deportistas y sus delegaciones durante el Campeonato Mundial de Atletismo de Menores, que se tendr\u00e1 lugar en Cali entre el 15 y el 19 de julio, la Polic\u00eda Nacional dispuso de 1450 uniformados. La secretaria de Gobierno Municipal, Laura Beatriz Lugo[&#8230;]<\/p>\n","protected":false},"author":1,"featured_media":5311,"comment_status":"open","ping_status":"open","sticky":false,"template":"","format":"standard","meta":{"footnotes":""},"categories":[4],"tags":[],"_links":{"self":[{"href":"https:\/\/emisora.univalle.edu.co\/index.php\/wp-json\/wp\/v2\/posts\/5310"}],"collection":[{"href":"https:\/\/emisora.univalle.edu.co\/index.php\/wp-json\/wp\/v2\/posts"}],"about":[{"href":"https:\/\/emisora.univalle.edu.co\/index.php\/wp-json\/wp\/v2\/types\/post"}],"author":[{"embeddable":true,"href":"https:\/\/emisora.univalle.edu.co\/index.php\/wp-json\/wp\/v2\/users\/1"}],"replies":[{"embeddable":true,"href":"https:\/\/emisora.univalle.edu.co\/index.php\/wp-json\/wp\/v2\/comments?post=5310"}],"version-history":[{"count":1,"href":"https:\/\/emisora.univalle.edu.co\/index.php\/wp-json\/wp\/v2\/posts\/5310\/revisions"}],"predecessor-version":[{"id":5312,"href":"https:\/\/emisora.univalle.edu.co\/index.php\/wp-json\/wp\/v2\/posts\/5310\/revisions\/5312"}],"wp:featuredmedia":[{"embeddable":true,"href":"https:\/\/emisora.univalle.edu.co\/index.php\/wp-json\/wp\/v2\/media\/5311"}],"wp:attachment":[{"href":"https:\/\/emisora.univalle.edu.co\/index.php\/wp-json\/wp\/v2\/media?parent=5310"}],"wp:term":[{"taxonomy":"category","embeddable":true,"href":"https:\/\/emisora.univalle.edu.co\/index.php\/wp-json\/wp\/v2\/categories?post=5310"},{"taxonomy":"post_tag","embeddable":true,"href":"https:\/\/emisora.univalle.edu.co\/index.php\/wp-json\/wp\/v2\/tags?post=5310"}],"curies":[{"name":"wp","href":"https:\/\/api.w.org\/{rel}","templated":true}]}}