{"id":5313,"date":"2015-07-10T15:32:36","date_gmt":"2015-07-10T20:32:36","guid":{"rendered":"https:\/\/emisora.univalle.edu.co\/\/?p=5313"},"modified":"2015-07-10T15:32:36","modified_gmt":"2015-07-10T20:32:36","slug":"diplomados-de-formacion-de-primera-infancia","status":"publish","type":"post","link":"https:\/\/emisora.univalle.edu.co\/index.php\/diplomados-de-formacion-de-primera-infancia\/","title":{"rendered":"Diplomados de formaci\u00f3n de primera infancia"},"content":{"rendered":"<p><span style=\"line-height: 1.5em;\">Se lanzaron los diplomados virtuales \u201cEl saber de los ni\u00f1os y las ni\u00f1as sobre ellos mismos y los otros\u201d y \u201cEl saber de los ni\u00f1os y las ni\u00f1as sobre el lenguaje, la lectura y la escritura\u201d, en el Sal\u00f3n Cultural del Instituto de Educaci\u00f3n y Pedagog\u00eda de la Universidad del Valle.<\/span><\/p>\n<p>Los diplomados responde a una de las necesidades contempladas en el Plan de Desarrollo Municipal 2012-2015 \u201cCaliDa: Bienestar para todos\u201d, concerniente a brindar un servicio educativo de calidad e integral a la poblaci\u00f3n infantil.<\/p>\n<p>La Universidad del Valle, a trav\u00e9s del Instituto de Educaci\u00f3n y Pedagog\u00eda, coordinar\u00e1 la organizaci\u00f3n y realizaci\u00f3n de estos diplomados, mientras la Corporaci\u00f3n Conocimiento y Ni\u00f1ez, dirigida por la reconocida investigadora y profesora jubilada del Instituto de Psicolog\u00eda de la Universidad del Valle, Mariela Orozco Hormaza, tendr\u00e1 la coordinaci\u00f3n y ejecuci\u00f3n acad\u00e9micas.<\/p>\n<p>Los diplomados capacitar\u00e1n a cuarenta agentes educativos de los Centros de Desarrollo Infantil de Cali y tendr\u00e1n 135 horas de trabajo.<\/p>\n<p>El lanzamiento cont\u00f3 con la presencia de Renato Ram\u00edrez, Director del Instituto de Educaci\u00f3n y Pedagog\u00eda; Mar\u00eda Eugenia Carvajal de Guerrero, gestora social del municipio; Mariela Orozco Hormaza, Directora de la Corporaci\u00f3n Ni\u00f1ez y Conocimiento y Jaime Escobar, Director de Extensi\u00f3n y Educaci\u00f3n Continua de la Universidad del Valle.<\/p>\n<p>Para Mariela Orozco, esta formaci\u00f3n es clave en la necesidad de actuar sobre la primera infancia, pues esta es una de las edades m\u00e1s desprovistas de atenci\u00f3n a la vez que fundamental en el desarrollo de las personas. Es la primera infancia la edad de mayor capacidad de aprendizaje, por tanto es imprescindible formar a los profesionales y cuidadores en el acompa\u00f1amiento integral a los ni\u00f1os y ni\u00f1as de esta edad.<\/p>\n<p>Fuente: Agencia de Noticias Univalle<\/p>\n","protected":false},"excerpt":{"rendered":"<p>Se lanzaron los diplomados virtuales \u201cEl saber de los ni\u00f1os y las ni\u00f1as sobre ellos mismos y los otros\u201d y \u201cEl saber de los ni\u00f1os y las ni\u00f1as sobre el lenguaje, la lectura y la escritura\u201d, en el Sal\u00f3n Cultural del Instituto de Educaci\u00f3n y Pedagog\u00eda de la Universidad del[&#8230;]<\/p>\n","protected":false},"author":1,"featured_media":5294,"comment_status":"open","ping_status":"open","sticky":false,"template":"","format":"standard","meta":{"footnotes":""},"categories":[4],"tags":[],"_links":{"self":[{"href":"https:\/\/emisora.univalle.edu.co\/index.php\/wp-json\/wp\/v2\/posts\/5313"}],"collection":[{"href":"https:\/\/emisora.univalle.edu.co\/index.php\/wp-json\/wp\/v2\/posts"}],"about":[{"href":"https:\/\/emisora.univalle.edu.co\/index.php\/wp-json\/wp\/v2\/types\/post"}],"author":[{"embeddable":true,"href":"https:\/\/emisora.univalle.edu.co\/index.php\/wp-json\/wp\/v2\/users\/1"}],"replies":[{"embeddable":true,"href":"https:\/\/emisora.univalle.edu.co\/index.php\/wp-json\/wp\/v2\/comments?post=5313"}],"version-history":[{"count":1,"href":"https:\/\/emisora.univalle.edu.co\/index.php\/wp-json\/wp\/v2\/posts\/5313\/revisions"}],"predecessor-version":[{"id":5314,"href":"https:\/\/emisora.univalle.edu.co\/index.php\/wp-json\/wp\/v2\/posts\/5313\/revisions\/5314"}],"wp:featuredmedia":[{"embeddable":true,"href":"https:\/\/emisora.univalle.edu.co\/index.php\/wp-json\/wp\/v2\/media\/5294"}],"wp:attachment":[{"href":"https:\/\/emisora.univalle.edu.co\/index.php\/wp-json\/wp\/v2\/media?parent=5313"}],"wp:term":[{"taxonomy":"category","embeddable":true,"href":"https:\/\/emisora.univalle.edu.co\/index.php\/wp-json\/wp\/v2\/categories?post=5313"},{"taxonomy":"post_tag","embeddable":true,"href":"https:\/\/emisora.univalle.edu.co\/index.php\/wp-json\/wp\/v2\/tags?post=5313"}],"curies":[{"name":"wp","href":"https:\/\/api.w.org\/{rel}","templated":true}]}}