{"id":5317,"date":"2015-07-10T15:39:14","date_gmt":"2015-07-10T20:39:14","guid":{"rendered":"https:\/\/emisora.univalle.edu.co\/\/?p=5317"},"modified":"2015-07-10T15:39:14","modified_gmt":"2015-07-10T20:39:14","slug":"el-ministerio-de-cultura-rendira-homenaje-al-maestro-jose-barros-en-el-concierto-del-20-de-julio","status":"publish","type":"post","link":"https:\/\/emisora.univalle.edu.co\/index.php\/el-ministerio-de-cultura-rendira-homenaje-al-maestro-jose-barros-en-el-concierto-del-20-de-julio\/","title":{"rendered":"El Ministerio de Cultura rendir\u00e1 homenaje al maestro Jos\u00e9 Barros en el concierto del 20 de julio"},"content":{"rendered":"<p>El pr\u00f3ximo 20 de julio el Gobierno Nacional celebrar\u00e1 el D\u00eda de la Independencia con un concierto en Palmira, Valle del Cauca, en donde se le har\u00e1 tributo a la extensa y diversa obra del \u2018compositor del r\u00edo\u2019.<\/p>\n<p>Famosas composiciones como Palmira Se\u00f1orial, La Piragua, Navidad Negra, Momposina, El Gallo Tuerto, El Pescador, Pesares, entre otras, ser\u00e1n interpretadas por reconocidos artistas como\u00a0Adriana Botina, los Hermanos Calero, Juan Carlos Coronel, el Coro Juvenil Desepaz, Juan Pi\u00f1a, Viviana Esparragoza, Cecilia Silva Caraballo y Adolfo Pacheco, acompa\u00f1ados de destacados grupos de danza de la regi\u00f3n.<\/p>\n<p>Este homenaje se realizar\u00e1 con motivo de la declaratoria del 2015 como el A\u00f1o Jos\u00e9 Barros, realizada por el Ministerio de Cultura, en conmemoraci\u00f3n a los 100 a\u00f1os del natalicio del maestro Barros.\u00a0El evento, que se realiza en coordinaci\u00f3n con la Alcald\u00eda del municipio de Palmira, est\u00e1 previsto para dar inicio a la 1:00 p.m. en el Parque Bol\u00edvar de Palmira, y tendr\u00e1 trasmisi\u00f3n en directo por los canales regionales del pa\u00eds.<\/p>\n<p>El maestro Jos\u00e9 Benito Barros Palomino fue uno de los m\u00e1s destacados y prol\u00edficos creadores literarios y musicales en toda la historia de la m\u00fasica popular y regional de Colombia, dejando un rico y apreciado legado de profunda sensibilidad local y excelsa factura, que ha trascendido las generaciones, las fronteras y los tiempos. Entre su repertorio se encuentran m\u00e1s de 700 obras con ritmos de cumbia, porro, pasillo, currulao, ranchera, vallenato y bolero, entre otros.<\/p>\n<p>\u201cEn el \u00faltimo cuatrienio hemos venido rindiendo homenaje a diferentes personalidades de la cultura nacional, este a\u00f1o decidimos honrar al maestro Jos\u00e9 Barros por sus m\u00e1s de 700 composiciones; todos los colombianos conocemos La Piragua, la hemos cantado, tarareado y bailado; por eso, el Gobierno Nacional, a trav\u00e9s del Ministerio de Cultura, quiere exaltar su memoria, y es un honor trabajar de la mano de \u00a0Veruschka Barros, su hija, quien ha promovido mantener vivo el legado de su padre\u201d, manifest\u00f3 la Ministra de Cultura, Mariana Garc\u00e9s C\u00f3rdoba.<\/p>\n<p>En Palmira, Valle del Cauca, las canciones del maestro Jos\u00e9 Barros suenan en las fiestas, ferias y recuerdos de sus habitantes. Palmira Se\u00f1orial&#8217;, una canci\u00f3n para cantar y bailar en el Valle del Cauca.<\/p>\n<p>El a\u00f1o del compositor del r\u00edo<\/p>\n<p>El extraordinario talento art\u00edstico de Jos\u00e9 Barros, heredado de sus padres por sus ancestros ind\u00edgenas y portugueses, se cultiv\u00f3 desde muy temprana edad bajo la influencia de la magia del r\u00edo y la vida del puerto, nutriendo su imaginaci\u00f3n y su memoria con las m\u00fasicas caribe\u00f1as, latinoamericanas y regionales que circulaban animando a la poblaci\u00f3n desde las emisoras o en las fiestas y carnavales de su entorno.<\/p>\n<p>Por su esp\u00edritu libre y creativo, el maestro Barros no solamente conoci\u00f3 la experiencia cultural de importantes ciudades colombianas, sino que se nutri\u00f3 de las m\u00fasicas y las formas expresivas de varios pa\u00edses de nuestro continente, desde M\u00e9xico hasta Chile y Argentina, constituy\u00e9ndose, a trav\u00e9s de esta impronta esencial y diversa, en un autor y compositor vocero y representante del sentir americano.<\/p>\n<p>El \u00a0maestro Barros a lo largo de su admirable trayectoria consolid\u00f3 una profusa y bien lograda producci\u00f3n musical de alto impacto emocional y profunda trascendencia nacional e internacional, enriqueciendo los g\u00e9neros de las Costas Caribe y Pac\u00edfica y de la regi\u00f3n andina colombiana, y con la misma propiedad, creando temas en g\u00e9neros latinoamericanos como boleros, rancheras, tangos y sones cubanos.<\/p>\n<p>Por la belleza y sabrosura de sus melod\u00edas y la finura y contenido po\u00e9tico de sus textos, las obras musicales del maestro Jos\u00e9 Barros han calado hondamente en las sensibilidades e imaginarios de sucesivas generaciones de diversos pa\u00edses, llegando a convertirse en verdaderos \u00edconos que se escuchan, se cantan y se bailan reiteradamente y que contribuyen a satisfacer las necesidades expresivas y comunicativas de quienes las apropian.<\/p>\n<p>Por la gran dimensi\u00f3n art\u00edstica de su trabajo creativo y la elaborada confecci\u00f3n de su obra literaria y musical, el maestro Jos\u00e9 Benito Barros Palomino realiz\u00f3 un invaluable aporte a la cultura popular universal y contribuy\u00f3 en forma inmejorable a proyectar dignamente hacia el mundo los referentes simb\u00f3licos y la singularidad expresiva de los colombianos, haci\u00e9ndose merecedor perenne de gratitud, admiraci\u00f3n, afecto y reconocimiento.<\/p>\n<p>Durante el A\u00f1o Jos\u00e9 Barros, MinCultura se encuentra promoviendo en todo el territorio nacional, el conocimiento y la interpretaci\u00f3n de las obras del maestro Jos\u00e9 Barros y la participaci\u00f3n de la ciudadan\u00eda en el homenaje, mediante el apoyo del XXI Festival Nacional de la Cumbia \u2013 Centenario Natalicio de Jos\u00e9 Barros y la realizaci\u00f3n eventos especiales como Celebra la Danza (Abril), Celebra la M\u00fasica (Noviembre), Premio Cocoroy\u00f3 (Junio), el concierto del Gobierno Nacional para celebrar el 20 de julio, as\u00ed como diferentes iniciativas de car\u00e1cter nacional e internacional que se llevar\u00e1n a cabo en el segundo semestre de 2015.<\/p>\n<p>Fuente: Comunicaciones Ministerio de Cultura<\/p>\n","protected":false},"excerpt":{"rendered":"<p>El pr\u00f3ximo 20 de julio el Gobierno Nacional celebrar\u00e1 el D\u00eda de la Independencia con un concierto en Palmira, Valle del Cauca, en donde se le har\u00e1 tributo a la extensa y diversa obra del \u2018compositor del r\u00edo\u2019. Famosas composiciones como Palmira Se\u00f1orial, La Piragua, Navidad Negra, Momposina, El Gallo[&#8230;]<\/p>\n","protected":false},"author":1,"featured_media":5299,"comment_status":"open","ping_status":"open","sticky":false,"template":"","format":"standard","meta":{"footnotes":""},"categories":[4],"tags":[],"_links":{"self":[{"href":"https:\/\/emisora.univalle.edu.co\/index.php\/wp-json\/wp\/v2\/posts\/5317"}],"collection":[{"href":"https:\/\/emisora.univalle.edu.co\/index.php\/wp-json\/wp\/v2\/posts"}],"about":[{"href":"https:\/\/emisora.univalle.edu.co\/index.php\/wp-json\/wp\/v2\/types\/post"}],"author":[{"embeddable":true,"href":"https:\/\/emisora.univalle.edu.co\/index.php\/wp-json\/wp\/v2\/users\/1"}],"replies":[{"embeddable":true,"href":"https:\/\/emisora.univalle.edu.co\/index.php\/wp-json\/wp\/v2\/comments?post=5317"}],"version-history":[{"count":1,"href":"https:\/\/emisora.univalle.edu.co\/index.php\/wp-json\/wp\/v2\/posts\/5317\/revisions"}],"predecessor-version":[{"id":5318,"href":"https:\/\/emisora.univalle.edu.co\/index.php\/wp-json\/wp\/v2\/posts\/5317\/revisions\/5318"}],"wp:featuredmedia":[{"embeddable":true,"href":"https:\/\/emisora.univalle.edu.co\/index.php\/wp-json\/wp\/v2\/media\/5299"}],"wp:attachment":[{"href":"https:\/\/emisora.univalle.edu.co\/index.php\/wp-json\/wp\/v2\/media?parent=5317"}],"wp:term":[{"taxonomy":"category","embeddable":true,"href":"https:\/\/emisora.univalle.edu.co\/index.php\/wp-json\/wp\/v2\/categories?post=5317"},{"taxonomy":"post_tag","embeddable":true,"href":"https:\/\/emisora.univalle.edu.co\/index.php\/wp-json\/wp\/v2\/tags?post=5317"}],"curies":[{"name":"wp","href":"https:\/\/api.w.org\/{rel}","templated":true}]}}