{"id":5322,"date":"2015-07-10T15:45:40","date_gmt":"2015-07-10T20:45:40","guid":{"rendered":"https:\/\/emisora.univalle.edu.co\/\/?p=5322"},"modified":"2015-07-10T15:45:40","modified_gmt":"2015-07-10T20:45:40","slug":"continuan-reuniones-con-varios-municipios-dentro-del-proceso-electoral-en-el-valle-del-cauca","status":"publish","type":"post","link":"https:\/\/emisora.univalle.edu.co\/index.php\/continuan-reuniones-con-varios-municipios-dentro-del-proceso-electoral-en-el-valle-del-cauca\/","title":{"rendered":"Contin\u00faan reuniones con varios municipios dentro del Proceso Electoral en el Valle del Cauca"},"content":{"rendered":"<p><span style=\"line-height: 1.5em;\">El 24 de de febrero del presente a\u00f1o, se acord\u00f3 un cronograma de reuniones con los Comit\u00e9s municipales de Coordinaci\u00f3n y Seguimiento\u00a0 de Los Procesos Electorales, ya que en el mes de octubre de 2015 se estar\u00e1n eligiendo Autoridades locales (Gobernadores, Alcaldes, Diputados, Concejales y Juntas Administradoras Locales).<\/span><br \/>\nPor tal motivo la Administraci\u00f3n Departamental en cabeza\u00a0 del Se\u00f1or\u00a0 Gobernador Doctor Ubeimar Delgado Bland\u00f3n, a trav\u00e9s de la Secretaria de Gobierno (e) Dra. Rosse Mary Cabal Franco &#8211; quien ante la Comisi\u00f3n hace las veces de Secretaria T\u00e9cnica y la Coordinaci\u00f3n de la Profesional Especializada Dra. Norma Leonor Valencia Moreno; han convocado a una reuni\u00f3n conjunta con varios Municipios.<\/p>\n<p>Qued\u00f3 oficializada una jornada de trabajo con los Delegados de la Registradur\u00eda Nacional, los 7 representantes de los Organismos Interinstitucionales y Gubernativos, entre los que se cuentan: La Funcionaria del Ministerio del Interior para el Tema Electoral, los Comandantes de la Polic\u00eda Valle, Fuerza a\u00e9rea de Combate No.7-Fac, Comandante Polic\u00eda Metropolitana de Cali, Comandante Tercera Brigada, Comandante fuerza Naval del Pac\u00edfico, entre otros, quienes hacen parte de la Comisi\u00f3n Departamental para la Coordinaci\u00f3n y Seguimiento de los Procesos Electorales, como tambi\u00e9n los 14 Invitados Permanentes y las Comisiones Electorales de los Municipios de Buga, El Cerrito, Calima El Dari\u00e9n,\u00a0 Ginebra, Guacar\u00ed,\u00a0 Restrepo y Yotoco, as\u00ed mismo, otros invitados especiales, como Los Voceros de los partidos y movimientos pol\u00edticos,\u00a0 grupos significativos de ciudadanos que postularon candidatos, Misi\u00f3n de Observaci\u00f3n Electoral (MOE), Los Directores\u00a0 Ejecutivos de la Federaci\u00f3n Colombiana de Municipios y de Departamentos, la que se llevar\u00e1 a efecto este\u00a0 mi\u00e9rcoles 15 de julio\u00a0 de 2015, a las 9:30 A. M, en el Municipio de Guadalajara de Buga \u2013Sal\u00f3n Fundadores Alcald\u00eda Municipal-, ubicada en la Carrera 13 No. 6 \u2013 50.<\/p>\n<p>All\u00ed se consolidar\u00e1n varias estrategias que garanticen el normal desarrollo del proceso electoral pr\u00f3ximo y se establecer\u00e1n mecanismos de cristalinidad y\u00a0 transparencia en esta jornada democr\u00e1tica.<\/p>\n<p>Fuente: Comunicaciones Gobernaci\u00f3n<\/p>\n","protected":false},"excerpt":{"rendered":"<p>El 24 de de febrero del presente a\u00f1o, se acord\u00f3 un cronograma de reuniones con los Comit\u00e9s municipales de Coordinaci\u00f3n y Seguimiento\u00a0 de Los Procesos Electorales, ya que en el mes de octubre de 2015 se estar\u00e1n eligiendo Autoridades locales (Gobernadores, Alcaldes, Diputados, Concejales y Juntas Administradoras Locales). Por tal[&#8230;]<\/p>\n","protected":false},"author":1,"featured_media":5301,"comment_status":"open","ping_status":"open","sticky":false,"template":"","format":"standard","meta":{"footnotes":""},"categories":[4],"tags":[],"_links":{"self":[{"href":"https:\/\/emisora.univalle.edu.co\/index.php\/wp-json\/wp\/v2\/posts\/5322"}],"collection":[{"href":"https:\/\/emisora.univalle.edu.co\/index.php\/wp-json\/wp\/v2\/posts"}],"about":[{"href":"https:\/\/emisora.univalle.edu.co\/index.php\/wp-json\/wp\/v2\/types\/post"}],"author":[{"embeddable":true,"href":"https:\/\/emisora.univalle.edu.co\/index.php\/wp-json\/wp\/v2\/users\/1"}],"replies":[{"embeddable":true,"href":"https:\/\/emisora.univalle.edu.co\/index.php\/wp-json\/wp\/v2\/comments?post=5322"}],"version-history":[{"count":1,"href":"https:\/\/emisora.univalle.edu.co\/index.php\/wp-json\/wp\/v2\/posts\/5322\/revisions"}],"predecessor-version":[{"id":5323,"href":"https:\/\/emisora.univalle.edu.co\/index.php\/wp-json\/wp\/v2\/posts\/5322\/revisions\/5323"}],"wp:featuredmedia":[{"embeddable":true,"href":"https:\/\/emisora.univalle.edu.co\/index.php\/wp-json\/wp\/v2\/media\/5301"}],"wp:attachment":[{"href":"https:\/\/emisora.univalle.edu.co\/index.php\/wp-json\/wp\/v2\/media?parent=5322"}],"wp:term":[{"taxonomy":"category","embeddable":true,"href":"https:\/\/emisora.univalle.edu.co\/index.php\/wp-json\/wp\/v2\/categories?post=5322"},{"taxonomy":"post_tag","embeddable":true,"href":"https:\/\/emisora.univalle.edu.co\/index.php\/wp-json\/wp\/v2\/tags?post=5322"}],"curies":[{"name":"wp","href":"https:\/\/api.w.org\/{rel}","templated":true}]}}