{"id":5360,"date":"2015-07-13T15:51:01","date_gmt":"2015-07-13T20:51:01","guid":{"rendered":"https:\/\/emisora.univalle.edu.co\/\/?p=5360"},"modified":"2015-07-13T15:51:01","modified_gmt":"2015-07-13T20:51:01","slug":"semilleros-de-ciencias-la-otra-forma-de-aprender-en-univalle","status":"publish","type":"post","link":"https:\/\/emisora.univalle.edu.co\/index.php\/semilleros-de-ciencias-la-otra-forma-de-aprender-en-univalle\/","title":{"rendered":"Semilleros de Ciencias, la otra forma de aprender en Univalle"},"content":{"rendered":"<p><span style=\"line-height: 1.5em;\">La Universidad del Valle, a trav\u00e9s del Departamento de Matem\u00e1ticas de la Facultad de Ciencias Naturales y Exactas, inicia el II Ciclo de Semilleros de Ciencias 2015, un plan de proyecci\u00f3n social, dirigido a estudiantes de 8\u00b0 a 11\u00b0, que busca estimular el inter\u00e9s y el gusto por las ciencias a trav\u00e9s de diversos enfoques pedag\u00f3gicos con el fin de encauzar su curiosidad hacia la comprensi\u00f3n de los procesos \u00a0matem\u00e1ticos, f\u00edsicos y qu\u00edmicos.<\/span><\/p>\n<p>Los alumnos inscritos al programa reciben formaci\u00f3n los d\u00edas s\u00e1bados de 8:00 a.m a 12:00 m. En las sesiones se combinan diferentes formas de comunicaci\u00f3n de los saberes tales como clases magistrales, discusi\u00f3n en grupos, exposiciones, talleres individuales y colectivos, planteamiento y soluci\u00f3n de juegos, pasatiempos, actividades en campo y retos matem\u00e1ticos. Adem\u00e1s reciben el respectivo material de estudio, Carnet del semillero y al final del ciclo, certificado de asistencias e informe de rendimiento acad\u00e9mico.<\/p>\n<p>El programa de Semillero de Ciencias se ha posicionado a nivel regional con una notable incidencia en la formaci\u00f3n cient\u00edfica de los estudiantes, logrando en el primer ciclo del 2015 la participaron de 600 estudiantes de instituciones educativas p\u00fablicas y privadas de Cali y sus municipios aleda\u00f1os; para este segundo ciclo se espera dar cobertura al menos 1000 estudiantes, acercando m\u00e1s a los habitantes de las zonas rurales.<\/p>\n<p><strong>M\u00f3dulos<\/strong><\/p>\n<p><span style=\"text-decoration: underline;\">Matem\u00e1ticas (M\u00f3dulos para estudiantes de 8\u00b0, 9\u00b0, 10\u00b0 y 11\u00b0)<\/span><\/p>\n<p>-L\u00f3gica, Conjuntos y Sistemas Num\u00e9ricos<\/p>\n<p>-\u00c1lgebra Fundamental<\/p>\n<p>-Geometr\u00eda Plana y del Espacio<\/p>\n<p>-Geometr\u00eda Anal\u00edtica y Trigonometr\u00eda<\/p>\n<p>-Probabilidad y Estad\u00edstica<\/p>\n<p>-Funciones y L\u00edmites<\/p>\n<p><span style=\"text-decoration: underline;\">F\u00edsica (M\u00f3dulo para estudiantes de 10\u00b0 y 11\u00b0)<\/span><\/p>\n<p>-Energ\u00eda y Movimiento<\/p>\n<p><span style=\"text-decoration: underline;\">Qu\u00edmica (M\u00f3dulos para estudiantes de 10\u00b0 y 11\u00b0)<\/span><\/p>\n<p>-AGE: \u00e1tomo, gases y estequiometr\u00eda<\/p>\n<p>-ESE: Estequiometr\u00eda II, Soluciones y Equilibrio<\/p>\n<p><strong>Inscripciones<\/strong><\/p>\n<p>Las inscripciones se realizar\u00e1n hasta el 7 de septiembre de 2015 y las actividades acad\u00e9micas tendr\u00e1n desarrollo a partir del 12 de septiembre del mismo a\u00f1o, los d\u00edas s\u00e1bados de 8:00 a.m. a 12:00 m.<\/p>\n<p>-Estudiantes de instituciones privadas: $390.000 pesos (trescientos noventa mil)<\/p>\n<p>-Estudiantes de instituciones p\u00fablicas: $170.000 pesos (ciento setenta mil)<\/p>\n<p>-Hijos de funcionarios de Univalle: $195.000 pesos (ciento noventa y cinco mil)<\/p>\n<p><strong><a href=\"https:\/\/drive.google.com\/a\/correounivalle.edu.co\/file\/d\/0B27an1bAr7JDc0UtRW5VSGZyZlAwaEQyTlY2VmZrRll6R0xJ\/view?usp=sharing\" target=\"_blank\">Consulte el instructivo de inscripci\u00f3n<\/a><\/strong><\/p>\n<p><strong>Mayores informes<\/strong><\/p>\n<p><a href=\"http:\/\/semillerociencias.univalle.edu.co\/\">http:\/\/semillerociencias.univalle.edu.co<\/a><\/p>\n<p><a href=\"mailto:semillero.ciencias@correounivalle.edu.co\">semillero.ciencias@correounivalle.edu.co<\/a><\/p>\n<p>Tel\u00e9fono \u00a0+57(2) 321 2100 ext. 3098<\/p>\n<p>Fuente: Agencia de Noticias Univalle<\/p>\n","protected":false},"excerpt":{"rendered":"<p>La Universidad del Valle, a trav\u00e9s del Departamento de Matem\u00e1ticas de la Facultad de Ciencias Naturales y Exactas, inicia el II Ciclo de Semilleros de Ciencias 2015, un plan de proyecci\u00f3n social, dirigido a estudiantes de 8\u00b0 a 11\u00b0, que busca estimular el inter\u00e9s y el gusto por las ciencias[&#8230;]<\/p>\n","protected":false},"author":1,"featured_media":5345,"comment_status":"open","ping_status":"open","sticky":false,"template":"","format":"standard","meta":{"footnotes":""},"categories":[4],"tags":[],"_links":{"self":[{"href":"https:\/\/emisora.univalle.edu.co\/index.php\/wp-json\/wp\/v2\/posts\/5360"}],"collection":[{"href":"https:\/\/emisora.univalle.edu.co\/index.php\/wp-json\/wp\/v2\/posts"}],"about":[{"href":"https:\/\/emisora.univalle.edu.co\/index.php\/wp-json\/wp\/v2\/types\/post"}],"author":[{"embeddable":true,"href":"https:\/\/emisora.univalle.edu.co\/index.php\/wp-json\/wp\/v2\/users\/1"}],"replies":[{"embeddable":true,"href":"https:\/\/emisora.univalle.edu.co\/index.php\/wp-json\/wp\/v2\/comments?post=5360"}],"version-history":[{"count":1,"href":"https:\/\/emisora.univalle.edu.co\/index.php\/wp-json\/wp\/v2\/posts\/5360\/revisions"}],"predecessor-version":[{"id":5361,"href":"https:\/\/emisora.univalle.edu.co\/index.php\/wp-json\/wp\/v2\/posts\/5360\/revisions\/5361"}],"wp:featuredmedia":[{"embeddable":true,"href":"https:\/\/emisora.univalle.edu.co\/index.php\/wp-json\/wp\/v2\/media\/5345"}],"wp:attachment":[{"href":"https:\/\/emisora.univalle.edu.co\/index.php\/wp-json\/wp\/v2\/media?parent=5360"}],"wp:term":[{"taxonomy":"category","embeddable":true,"href":"https:\/\/emisora.univalle.edu.co\/index.php\/wp-json\/wp\/v2\/categories?post=5360"},{"taxonomy":"post_tag","embeddable":true,"href":"https:\/\/emisora.univalle.edu.co\/index.php\/wp-json\/wp\/v2\/tags?post=5360"}],"curies":[{"name":"wp","href":"https:\/\/api.w.org\/{rel}","templated":true}]}}