{"id":5368,"date":"2015-07-13T15:58:04","date_gmt":"2015-07-13T20:58:04","guid":{"rendered":"https:\/\/emisora.univalle.edu.co\/\/?p=5368"},"modified":"2015-07-13T15:58:42","modified_gmt":"2015-07-13T20:58:42","slug":"seleccionadas-parejas-y-grupos-amateur-al-x-mundial-de-salsa-de-cali","status":"publish","type":"post","link":"https:\/\/emisora.univalle.edu.co\/index.php\/seleccionadas-parejas-y-grupos-amateur-al-x-mundial-de-salsa-de-cali\/","title":{"rendered":"Seleccionadas Parejas y Grupos Amateur al X Mundial de Salsa de Cali."},"content":{"rendered":"<p><span style=\"line-height: 1.5em;\">La familia de la salsa se congreg\u00f3 en la primera Preclasificatoria del X Mundial de Salsa de Cali, el motivo fue conocer a los futuros profesionales del baile cale\u00f1o, quienes en las modalidades de Parejas Cabaret, Estilo Cale\u00f1o y Grupos Cabaret de la reci\u00e9n creada Categor\u00eda Amateur, se disputaban los 39 cupos que otorgaban a fase clasificatoria.<\/span><\/p>\n<p>Grupos y parejas de escuelas ubicadas en Cali y sus municipios vecinos aprovecharon la oportunidad que dio este a\u00f1o la organizaci\u00f3n del Mundial, para aquellos artistas que est\u00e1n empezando en el medio y buscan la ocasi\u00f3n de\u00a0 mostrarse en un escenario tan importante como lo es el Mundial de Salsa de Cali.<\/p>\n<p>Y es que la categorizaci\u00f3n del Festival la ha celebrado todo el gremio salsero de Cali, como lo indica Alirio Montezuma, director de Constelaci\u00f3n Latina, ex campeones mundiales de salsa, \u201cEsta categor\u00eda es un apoyo al proceso que adelantamos las escuelas de salsa, porque nos permite ir fogueando a esos muchachos que se est\u00e1n formando y ser\u00e1n los pr\u00f3ximos bailarines l\u00edderes de las academias\u201d.<\/p>\n<p>La Preclasificatoria Categor\u00eda Amateur la realiz\u00f3 la Alcald\u00eda de Cali a trav\u00e9s de la Secretar\u00eda de Cultura y Turismo en alianza con Calima, Centro Comercial en las instalaciones del teatrino, escenario en donde 15 Parejas Cabaret Amateur, 9 Parejas Estilo Cale\u00f1o Amateur y 15 Grupos Cabaret Amateur, recibieron los mejores puntajes del Jurado calificador y obtuvieron el cupo a las clasificatorias que se realizar\u00e1n los d\u00edas 29 y 30 de Agosto de 2015 en el Teatro al Aire Libre Los Cristales.<\/p>\n<p><strong>Parejas Estilo Cale\u00f1o \u2013 Amateur<\/strong><\/p>\n<p>1 \u2013 Dolly Vanessa Castellanos y Sebasti\u00e1n Cabrera Guerrero.<\/p>\n<p>2 \u2013 Adriana del Pilar Paz y Gabriel Arredondo.<\/p>\n<p>3 \u2013 Evelin Villegas y Jeyson Alexander Garrido.<\/p>\n<p>4 \u2013 Mar\u00eda Camila Benavidez y John Urrutia.<\/p>\n<p>5 \u2013 Leydi Julieth Ordo\u00f1ez Moreno y Ian Yacef El Morr D\u00edaz.<\/p>\n<p>6 \u2013 Valentina Pinz\u00f3n y Jeyson Largo.<\/p>\n<p>7 \u2013 Mar\u00eda del Pilar Figueroa y Sebasti\u00e1n Rojas Juan.<\/p>\n<p>8 \u2013 Rosaura Rivas y Juan David Vera.<\/p>\n<p>9 \u2013 Isabella Londo\u00f1o y Bryan Castro Moreno.<\/p>\n<p><strong>Parejas Cabaret Amateur<\/strong><\/p>\n<p>1 \u2013 Victoria Flores Duque y Jui\u00e1n Fernando Vaca Rodr\u00edguez.<\/p>\n<p>2 \u2013 Andrea Bocanegra Arango y Luis Andfres Mart\u00ednez Moreno.<\/p>\n<p>3 \u2013 Angie Tatiana Adrada Ordo\u00f1ez y Sebasti\u00e1n Bustamante Castrill\u00f3n.<\/p>\n<p>4 \u2013 Valeria Cortes y Bryan Torres.<\/p>\n<p>5 \u2013 Natalia Avila Molina y Leonardo Andr\u00e9s Quintero.<\/p>\n<p>6 \u2013 Ingrid Manzano y Yelber Londo\u00f1o<\/p>\n<p>7 \u2013 Evelin Dayanna Tabares Rios y James Renjifo.<\/p>\n<p>8 \u2013 Isabella Rodas Beltr\u00e1n y Carlos Andr\u00e9s Popo.<\/p>\n<p>9 \u2013 Stefania Mart\u00ednez Brand y Juan David Sandoval Ospina<\/p>\n<p>10 \u2013 Daniela Duarte Castallo y Jose Agust\u00edn Castro Velasco.<\/p>\n<p>11 \u2013 Alejandra Valencia y Jorge Lasso.<\/p>\n<p>12 \u2013 Adriana del Pilar Paz y Gabriel Arredondo.<\/p>\n<p>13 \u2013 Camila Mendoza Ocampo y Bryan Londo\u00f1o.<\/p>\n<p>14 \u2013 Yuliana Caicedo y Christian Hurtado.<\/p>\n<p>15 \u2013 Valentina Vallejo y Alejandro Camayo.<\/p>\n<p><strong>Grupos Cabaret Amateur<\/strong><\/p>\n<p>1 \u2013 Titanes del Ritmo.<\/p>\n<p>2 \u2013 Expresi\u00f3n Salsa y Swing.<\/p>\n<p>3 \u2013 Imperio Juvenil.<\/p>\n<p>4 \u2013 Agosa.<\/p>\n<p>5 \u2013 Expresi\u00f3n Salsera.<\/p>\n<p>6 \u2013 Fiebre Latina.<\/p>\n<p>7 \u2013 Fuerza Salsera.<\/p>\n<p>8 \u2013 Constelaci\u00f3n.<\/p>\n<p>9 \u2013 Cali Salsa Pal Mundo.<\/p>\n<p>10 \u2013 Ritmo Cale\u00f1o.<\/p>\n<p>11 \u2013 Bomba Salsera.<\/p>\n<p>12 \u2013 Libertad Latina.<\/p>\n<p>13 \u2013 Nueva Salsa Cale\u00f1a de Salca.<\/p>\n<p>14 \u2013 Los Tremendos de la Salsa.<\/p>\n<p>15 \u2013 Stilo Salsero de Estilo y Sabor.<\/p>\n<p>Mayores Informes:<br \/>\nCoordinaci\u00f3n Festival Mundial de Salsa, Secretar\u00eda de Cultura y Turismo de Cali<br \/>\nPrensa Secretar\u00eda \u2013 Jorge Guti\u00e9rrez Leyva \u2013 315 778 4953<br \/>\n<a href=\"mailto:Jorge.gutierrez@cali.gov.co%22%3eJorge.gutierrez@cali.gov.co\">Jorge.gutierrez@cali.gov.co\u00bb&gt;Jorge.gutierrez@cali.gov.co<\/a><\/p>\n<p>Fuente: Comunicaciones Alcald\u00eda<\/p>\n","protected":false},"excerpt":{"rendered":"<p>La familia de la salsa se congreg\u00f3 en la primera Preclasificatoria del X Mundial de Salsa de Cali, el motivo fue conocer a los futuros profesionales del baile cale\u00f1o, quienes en las modalidades de Parejas Cabaret, Estilo Cale\u00f1o y Grupos Cabaret de la reci\u00e9n creada Categor\u00eda Amateur, se disputaban los[&#8230;]<\/p>\n","protected":false},"author":1,"featured_media":5342,"comment_status":"open","ping_status":"open","sticky":false,"template":"","format":"standard","meta":{"footnotes":""},"categories":[4],"tags":[],"_links":{"self":[{"href":"https:\/\/emisora.univalle.edu.co\/index.php\/wp-json\/wp\/v2\/posts\/5368"}],"collection":[{"href":"https:\/\/emisora.univalle.edu.co\/index.php\/wp-json\/wp\/v2\/posts"}],"about":[{"href":"https:\/\/emisora.univalle.edu.co\/index.php\/wp-json\/wp\/v2\/types\/post"}],"author":[{"embeddable":true,"href":"https:\/\/emisora.univalle.edu.co\/index.php\/wp-json\/wp\/v2\/users\/1"}],"replies":[{"embeddable":true,"href":"https:\/\/emisora.univalle.edu.co\/index.php\/wp-json\/wp\/v2\/comments?post=5368"}],"version-history":[{"count":1,"href":"https:\/\/emisora.univalle.edu.co\/index.php\/wp-json\/wp\/v2\/posts\/5368\/revisions"}],"predecessor-version":[{"id":5369,"href":"https:\/\/emisora.univalle.edu.co\/index.php\/wp-json\/wp\/v2\/posts\/5368\/revisions\/5369"}],"wp:featuredmedia":[{"embeddable":true,"href":"https:\/\/emisora.univalle.edu.co\/index.php\/wp-json\/wp\/v2\/media\/5342"}],"wp:attachment":[{"href":"https:\/\/emisora.univalle.edu.co\/index.php\/wp-json\/wp\/v2\/media?parent=5368"}],"wp:term":[{"taxonomy":"category","embeddable":true,"href":"https:\/\/emisora.univalle.edu.co\/index.php\/wp-json\/wp\/v2\/categories?post=5368"},{"taxonomy":"post_tag","embeddable":true,"href":"https:\/\/emisora.univalle.edu.co\/index.php\/wp-json\/wp\/v2\/tags?post=5368"}],"curies":[{"name":"wp","href":"https:\/\/api.w.org\/{rel}","templated":true}]}}