{"id":5374,"date":"2015-07-13T16:03:50","date_gmt":"2015-07-13T21:03:50","guid":{"rendered":"https:\/\/emisora.univalle.edu.co\/\/?p=5374"},"modified":"2015-07-13T16:03:50","modified_gmt":"2015-07-13T21:03:50","slug":"taxistas-bilingues-seran-guias-turisticos-en-el-mundial-de-atletismo-de-la-iaaf","status":"publish","type":"post","link":"https:\/\/emisora.univalle.edu.co\/index.php\/taxistas-bilingues-seran-guias-turisticos-en-el-mundial-de-atletismo-de-la-iaaf\/","title":{"rendered":"Taxistas biling\u00fces ser\u00e1n gu\u00edas tur\u00edsticos en el Mundial de Atletismo de la IAAF"},"content":{"rendered":"<p><span style=\"line-height: 1.5em;\">Tras 8 meses de constante preparaci\u00f3n de la mano con la Secretar\u00eda de Deporte y Recreaci\u00f3n, los taxistas cale\u00f1os est\u00e1n preparados para hacer sentir como en casa a todas las delegaciones de atletas que est\u00e1n llegando\u00a0 a la ciudad, en el marco del Mundial de Atletismo de Menores que es organizado por la Asociaci\u00f3n Internacional\u00a0 de confederaciones de Atletismo.<\/span><\/p>\n<p>\u201cEsta es la culminaci\u00f3n de un proceso de socializaci\u00f3n, donde los taxistas se han capacitado en biling\u00fcismo, atenci\u00f3n al cliente y temas sobre el turismo para ser garantes de informaci\u00f3n y anfitriones de la capital deportiva de Am\u00e9rica\u201d, expres\u00f3 Claudia Fernanda Rojas N\u00fa\u00f1ez, Secretaria de Deporte y Recreaci\u00f3n.<\/p>\n<p>Seg\u00fan el taxista Julio C\u00e9sar Zapata, \u201cesta preparaci\u00f3n nos permitir\u00e1 mostrarle al mundo una buena imagen de la ciudad resaltando el servicio al cliente y la aplicaci\u00f3n de los valores \u00e9ticos\u201d.<\/p>\n<p>\u201cDesde los Juegos Mundiales hemos estado capacitando y certificando a nuestros taxistas como embajadores de la ciudad, para que transporten a las diferentes delegaciones, llev\u00e1ndolas a conocer los principales sitios tur\u00edsticos de Cali\u201d, expuso Alejandra Ram\u00edrez, jefe de mercadeo de la empresa Taxis Libres.<\/p>\n<p>Por su parte Lu\u00eds Adolfo Zapata, uno de los taxistas biling\u00fces de la ciudad concluye \u201cYa estamos totalmente preparados para ponerle al cara al Mundial de Atletismo de la IAAF\u201d, en el cual estar\u00e1n presentes m\u00e1s de 1.500 deportistas que representar\u00e1n a 180 naciones.<\/p>\n<p>Fuente: Comunicaciones Alcad\u00eda<\/p>\n<h1><\/h1>\n","protected":false},"excerpt":{"rendered":"<p>Tras 8 meses de constante preparaci\u00f3n de la mano con la Secretar\u00eda de Deporte y Recreaci\u00f3n, los taxistas cale\u00f1os est\u00e1n preparados para hacer sentir como en casa a todas las delegaciones de atletas que est\u00e1n llegando\u00a0 a la ciudad, en el marco del Mundial de Atletismo de Menores que es[&#8230;]<\/p>\n","protected":false},"author":1,"featured_media":5346,"comment_status":"open","ping_status":"open","sticky":false,"template":"","format":"standard","meta":{"footnotes":""},"categories":[4],"tags":[],"_links":{"self":[{"href":"https:\/\/emisora.univalle.edu.co\/index.php\/wp-json\/wp\/v2\/posts\/5374"}],"collection":[{"href":"https:\/\/emisora.univalle.edu.co\/index.php\/wp-json\/wp\/v2\/posts"}],"about":[{"href":"https:\/\/emisora.univalle.edu.co\/index.php\/wp-json\/wp\/v2\/types\/post"}],"author":[{"embeddable":true,"href":"https:\/\/emisora.univalle.edu.co\/index.php\/wp-json\/wp\/v2\/users\/1"}],"replies":[{"embeddable":true,"href":"https:\/\/emisora.univalle.edu.co\/index.php\/wp-json\/wp\/v2\/comments?post=5374"}],"version-history":[{"count":1,"href":"https:\/\/emisora.univalle.edu.co\/index.php\/wp-json\/wp\/v2\/posts\/5374\/revisions"}],"predecessor-version":[{"id":5375,"href":"https:\/\/emisora.univalle.edu.co\/index.php\/wp-json\/wp\/v2\/posts\/5374\/revisions\/5375"}],"wp:featuredmedia":[{"embeddable":true,"href":"https:\/\/emisora.univalle.edu.co\/index.php\/wp-json\/wp\/v2\/media\/5346"}],"wp:attachment":[{"href":"https:\/\/emisora.univalle.edu.co\/index.php\/wp-json\/wp\/v2\/media?parent=5374"}],"wp:term":[{"taxonomy":"category","embeddable":true,"href":"https:\/\/emisora.univalle.edu.co\/index.php\/wp-json\/wp\/v2\/categories?post=5374"},{"taxonomy":"post_tag","embeddable":true,"href":"https:\/\/emisora.univalle.edu.co\/index.php\/wp-json\/wp\/v2\/tags?post=5374"}],"curies":[{"name":"wp","href":"https:\/\/api.w.org\/{rel}","templated":true}]}}