{"id":5400,"date":"2015-07-14T15:29:19","date_gmt":"2015-07-14T20:29:19","guid":{"rendered":"https:\/\/emisora.univalle.edu.co\/\/?p=5400"},"modified":"2015-07-14T15:29:19","modified_gmt":"2015-07-14T20:29:19","slug":"secretaria-de-asuntos-etnicos-verifica-estado-de-la-via-ladrilleros-la-barra-para-su-adecuacion","status":"publish","type":"post","link":"https:\/\/emisora.univalle.edu.co\/index.php\/secretaria-de-asuntos-etnicos-verifica-estado-de-la-via-ladrilleros-la-barra-para-su-adecuacion\/","title":{"rendered":"Secretar\u00eda de Asuntos \u00c9tnicos verifica estado de la v\u00eda Ladrilleros &#8211; La Barra para su adecuaci\u00f3n"},"content":{"rendered":"<p><span style=\"line-height: 1.5em;\">Funcionarios de la Secretar\u00eda de Asuntos \u00c9tnicos del Valle del Cauca viajaron hasta el pacific\u00f3 vallecaucano para conocer de primera mano el estado de la carretera que de Ladrilleros conduce a La Barra, v\u00eda que hace parte del paquete de obras que el gobierno departamental tiene proyectadas para mejorar las condiciones de vida de los habitantes de Juanchaco, Ladrilleros y La Barra.<\/span><br \/>\nEl Secretario de Asuntos \u00c9tnicos del Valle del Cauca Alexander Rojas Renter\u00eda manifest\u00f3 que en compa\u00f1\u00eda del Comando Conjunto de la Fuerza Naval del Pacifico hizo un recorrido por la v\u00eda que de Ladrillero conduce a La Barra para verificar su estado actual.<\/p>\n<p>\u201cEsta v\u00eda importante para promocionar el desarrollo tur\u00edstico en la zona del pac\u00edfico, proyecto que se est\u00e1 terminando para presentar a Regal\u00edas y que esperamos que impacte positivamente el desarrollo del turismo en la regi\u00f3n\u201d, asever\u00f3 el funcionario.<\/p>\n<p>Rojas Renter\u00eda agreg\u00f3 que se va a remodelar la pista de aterrizaje que va a ser ampliada 100 metros m\u00e1s para poder garantizar el aterrizaje y despegue de aeronaves, con mayor\u00a0 capacidad y permitir que puedan llegar diferentes tipos de aerol\u00edneas a Juanchaco y Ladrilleros y que puedan haber vuelos directos desde Bogot\u00e1 y otras ciudades del Pa\u00eds.<\/p>\n<p>Este un proyecto de $5.400 millones del cual ya se han adelantado los estudios de suelos y se va a desarrollar conjuntamente con el gobierno norteamericano.<\/p>\n<p>Fuente: Comunicaciones Gobernaci\u00f3n<\/p>\n","protected":false},"excerpt":{"rendered":"<p>Funcionarios de la Secretar\u00eda de Asuntos \u00c9tnicos del Valle del Cauca viajaron hasta el pacific\u00f3 vallecaucano para conocer de primera mano el estado de la carretera que de Ladrilleros conduce a La Barra, v\u00eda que hace parte del paquete de obras que el gobierno departamental tiene proyectadas para mejorar las[&#8230;]<\/p>\n","protected":false},"author":1,"featured_media":5339,"comment_status":"open","ping_status":"open","sticky":false,"template":"","format":"standard","meta":{"footnotes":""},"categories":[4],"tags":[],"_links":{"self":[{"href":"https:\/\/emisora.univalle.edu.co\/index.php\/wp-json\/wp\/v2\/posts\/5400"}],"collection":[{"href":"https:\/\/emisora.univalle.edu.co\/index.php\/wp-json\/wp\/v2\/posts"}],"about":[{"href":"https:\/\/emisora.univalle.edu.co\/index.php\/wp-json\/wp\/v2\/types\/post"}],"author":[{"embeddable":true,"href":"https:\/\/emisora.univalle.edu.co\/index.php\/wp-json\/wp\/v2\/users\/1"}],"replies":[{"embeddable":true,"href":"https:\/\/emisora.univalle.edu.co\/index.php\/wp-json\/wp\/v2\/comments?post=5400"}],"version-history":[{"count":1,"href":"https:\/\/emisora.univalle.edu.co\/index.php\/wp-json\/wp\/v2\/posts\/5400\/revisions"}],"predecessor-version":[{"id":5401,"href":"https:\/\/emisora.univalle.edu.co\/index.php\/wp-json\/wp\/v2\/posts\/5400\/revisions\/5401"}],"wp:featuredmedia":[{"embeddable":true,"href":"https:\/\/emisora.univalle.edu.co\/index.php\/wp-json\/wp\/v2\/media\/5339"}],"wp:attachment":[{"href":"https:\/\/emisora.univalle.edu.co\/index.php\/wp-json\/wp\/v2\/media?parent=5400"}],"wp:term":[{"taxonomy":"category","embeddable":true,"href":"https:\/\/emisora.univalle.edu.co\/index.php\/wp-json\/wp\/v2\/categories?post=5400"},{"taxonomy":"post_tag","embeddable":true,"href":"https:\/\/emisora.univalle.edu.co\/index.php\/wp-json\/wp\/v2\/tags?post=5400"}],"curies":[{"name":"wp","href":"https:\/\/api.w.org\/{rel}","templated":true}]}}