{"id":5402,"date":"2015-07-14T15:46:58","date_gmt":"2015-07-14T20:46:58","guid":{"rendered":"https:\/\/emisora.univalle.edu.co\/\/?p=5402"},"modified":"2015-07-17T16:15:54","modified_gmt":"2015-07-17T21:15:54","slug":"se-iniciaron-las-primeras-demoliciones-de-renovacion-del-centro-en-el-barrio-el-calvario","status":"publish","type":"post","link":"https:\/\/emisora.univalle.edu.co\/index.php\/se-iniciaron-las-primeras-demoliciones-de-renovacion-del-centro-en-el-barrio-el-calvario\/","title":{"rendered":"Se iniciaron las primeras demoliciones de renovaci\u00f3n del centro, en el barrio El Calvario"},"content":{"rendered":"<p><span style=\"line-height: 1.5em;\">Despu\u00e9s de realizar un proceso de gesti\u00f3n integral con residentes y propietarios del sector, que permiti\u00f3 la creaci\u00f3n de espacios de concertaci\u00f3n, este lunes 13 de julio se dio inicio a las primeras demoliciones en el barrio El Calvario, para el proyecto de Estaci\u00f3n Centro del MIO y Centro Comercial, en el marco del Proyecto Ciudad Para\u00edso.<\/span><\/p>\n<p>La\u00a0 Empresa Municipal de Renovaci\u00f3n Urbana -Emru EIC-, como responsable de esta actividad, acompa\u00f1\u00f3 la diligencia realizada inicialmente en 8 de los 181 predios que se requieren para la construcci\u00f3n de la Estaci\u00f3n Central y el Centro Comercial.<\/p>\n<p>Estos primeros predios estaban habitados por 30 familias, en su mayor\u00eda residentes de inquilinatos que han participado de manera activa en el Plan de Gesti\u00f3n Social, el cual contempla, adem\u00e1s de un reconocimiento econ\u00f3mico a cada hogar, un acompa\u00f1amiento integral\u00a0 y\u00a0 articulado a otras instituciones municipales, departamentales, nacionales, sector privado, academia, ONG, entre otros, que incluye el seguimiento luego de su traslado.<\/p>\n<p>Este ha sido un trabajo colaborativo entre la institucionalidad p\u00fablica y el promotor privado, demostrando que s\u00ed se puede trabajar juntos en pro de la ciudad y de la mano con la comunidad.<\/p>\n<p>Emru EIC recuerda a la comunidad en general que tiene derecho a participar y ser informada sobre todos los aspectos que implica la implementaci\u00f3n de un plan parcial, as\u00ed como de las alternativas de gesti\u00f3n urbana (participaci\u00f3n ciudadana), inmobiliaria, social, econ\u00f3mica, financiera y jur\u00eddica que se requieren.<\/p>\n","protected":false},"excerpt":{"rendered":"<p>Despu\u00e9s de realizar un proceso de gesti\u00f3n integral con residentes y propietarios del sector, que permiti\u00f3 la creaci\u00f3n de espacios de concertaci\u00f3n, este lunes 13 de julio se dio inicio a las primeras demoliciones en el barrio El Calvario, para el proyecto de Estaci\u00f3n Centro del MIO y Centro Comercial,[&#8230;]<\/p>\n","protected":false},"author":1,"featured_media":5385,"comment_status":"open","ping_status":"open","sticky":false,"template":"","format":"standard","meta":{"footnotes":""},"categories":[4],"tags":[],"_links":{"self":[{"href":"https:\/\/emisora.univalle.edu.co\/index.php\/wp-json\/wp\/v2\/posts\/5402"}],"collection":[{"href":"https:\/\/emisora.univalle.edu.co\/index.php\/wp-json\/wp\/v2\/posts"}],"about":[{"href":"https:\/\/emisora.univalle.edu.co\/index.php\/wp-json\/wp\/v2\/types\/post"}],"author":[{"embeddable":true,"href":"https:\/\/emisora.univalle.edu.co\/index.php\/wp-json\/wp\/v2\/users\/1"}],"replies":[{"embeddable":true,"href":"https:\/\/emisora.univalle.edu.co\/index.php\/wp-json\/wp\/v2\/comments?post=5402"}],"version-history":[{"count":1,"href":"https:\/\/emisora.univalle.edu.co\/index.php\/wp-json\/wp\/v2\/posts\/5402\/revisions"}],"predecessor-version":[{"id":5403,"href":"https:\/\/emisora.univalle.edu.co\/index.php\/wp-json\/wp\/v2\/posts\/5402\/revisions\/5403"}],"wp:featuredmedia":[{"embeddable":true,"href":"https:\/\/emisora.univalle.edu.co\/index.php\/wp-json\/wp\/v2\/media\/5385"}],"wp:attachment":[{"href":"https:\/\/emisora.univalle.edu.co\/index.php\/wp-json\/wp\/v2\/media?parent=5402"}],"wp:term":[{"taxonomy":"category","embeddable":true,"href":"https:\/\/emisora.univalle.edu.co\/index.php\/wp-json\/wp\/v2\/categories?post=5402"},{"taxonomy":"post_tag","embeddable":true,"href":"https:\/\/emisora.univalle.edu.co\/index.php\/wp-json\/wp\/v2\/tags?post=5402"}],"curies":[{"name":"wp","href":"https:\/\/api.w.org\/{rel}","templated":true}]}}