{"id":5404,"date":"2015-07-14T15:49:50","date_gmt":"2015-07-14T20:49:50","guid":{"rendered":"https:\/\/emisora.univalle.edu.co\/\/?p=5404"},"modified":"2015-07-14T15:49:50","modified_gmt":"2015-07-14T20:49:50","slug":"en-el-2015-vence-ultimo-plazo-del-ministerio-de-relaciones-exteriores-para-renovar-la-cedula-de-extranjeria","status":"publish","type":"post","link":"https:\/\/emisora.univalle.edu.co\/index.php\/en-el-2015-vence-ultimo-plazo-del-ministerio-de-relaciones-exteriores-para-renovar-la-cedula-de-extranjeria\/","title":{"rendered":"En el 2015 vence \u00faltimo plazo del Ministerio de Relaciones Exteriores para renovar la C\u00e9dula de Extranjer\u00eda"},"content":{"rendered":"<p><span style=\"line-height: 1.5em;\">La Gobernaci\u00f3n del Valle del Cauca, a trav\u00e9s\u00a0 de la Secretaria de Gobierno Departamental (e), Rosse Mary Cabal Franco, informa a los ciudadanos extranjeros que actualmente residen en el territorio colombiano, que tienen plazo hasta el 24 de julio de 2015, para renovar su c\u00e9dula de extranjer\u00eda.<\/span><br \/>\nEs de anotar que el tr\u00e1mite deben hacerlo personalmente ante Migraci\u00f3n Colombia con la c\u00e9dula de extranjer\u00eda en su poder, puesto que se requiere tomar sus huellas y llevar consigo el pasaporte y su visa de residente. El tr\u00e1mite debe realizarlo en los Centros Facilitadores de Servicios Migratorios, distribuidos en las principales ciudades, como en nuestro caso; &#8211; Migraci\u00f3n Colombia \u2013 Cali Avenida 3AN No.50N \u2013 20, Barrio La Flora, Tel\u00e9fono 3973510.<\/p>\n<p>En lo relacionado con los ni\u00f1os menores de siete (7) a\u00f1os, estos pueden continuar identific\u00e1ndose con el pasaporte vigente de su pa\u00eds de origen.<\/p>\n<p>Al obtener su c\u00e9dula de extranjer\u00eda, el ciudadano obtiene los mismos derechos civiles que un colombiano, entre ellos el derecho al voto.<\/p>\n<p>De all\u00ed la importancia de adelantar este tr\u00e1mite para acceder al sector financiero, ya que no se podr\u00e1n realizar actividades comerciales, ni laborales; no se podr\u00e1 obtener la seguridad social y quedar\u00edan sin este importante documento de identificaci\u00f3n, v\u00e1lido en todo el Estado Colombiano.<\/p>\n<p>Fuente: Comunicaciones Gobernaci\u00f3n<\/p>\n","protected":false},"excerpt":{"rendered":"<p>La Gobernaci\u00f3n del Valle del Cauca, a trav\u00e9s\u00a0 de la Secretaria de Gobierno Departamental (e), Rosse Mary Cabal Franco, informa a los ciudadanos extranjeros que actualmente residen en el territorio colombiano, que tienen plazo hasta el 24 de julio de 2015, para renovar su c\u00e9dula de extranjer\u00eda. Es de anotar[&#8230;]<\/p>\n","protected":false},"author":1,"featured_media":5387,"comment_status":"open","ping_status":"open","sticky":false,"template":"","format":"standard","meta":{"footnotes":""},"categories":[4],"tags":[],"_links":{"self":[{"href":"https:\/\/emisora.univalle.edu.co\/index.php\/wp-json\/wp\/v2\/posts\/5404"}],"collection":[{"href":"https:\/\/emisora.univalle.edu.co\/index.php\/wp-json\/wp\/v2\/posts"}],"about":[{"href":"https:\/\/emisora.univalle.edu.co\/index.php\/wp-json\/wp\/v2\/types\/post"}],"author":[{"embeddable":true,"href":"https:\/\/emisora.univalle.edu.co\/index.php\/wp-json\/wp\/v2\/users\/1"}],"replies":[{"embeddable":true,"href":"https:\/\/emisora.univalle.edu.co\/index.php\/wp-json\/wp\/v2\/comments?post=5404"}],"version-history":[{"count":1,"href":"https:\/\/emisora.univalle.edu.co\/index.php\/wp-json\/wp\/v2\/posts\/5404\/revisions"}],"predecessor-version":[{"id":5405,"href":"https:\/\/emisora.univalle.edu.co\/index.php\/wp-json\/wp\/v2\/posts\/5404\/revisions\/5405"}],"wp:featuredmedia":[{"embeddable":true,"href":"https:\/\/emisora.univalle.edu.co\/index.php\/wp-json\/wp\/v2\/media\/5387"}],"wp:attachment":[{"href":"https:\/\/emisora.univalle.edu.co\/index.php\/wp-json\/wp\/v2\/media?parent=5404"}],"wp:term":[{"taxonomy":"category","embeddable":true,"href":"https:\/\/emisora.univalle.edu.co\/index.php\/wp-json\/wp\/v2\/categories?post=5404"},{"taxonomy":"post_tag","embeddable":true,"href":"https:\/\/emisora.univalle.edu.co\/index.php\/wp-json\/wp\/v2\/tags?post=5404"}],"curies":[{"name":"wp","href":"https:\/\/api.w.org\/{rel}","templated":true}]}}