{"id":5409,"date":"2015-07-14T15:55:54","date_gmt":"2015-07-14T20:55:54","guid":{"rendered":"https:\/\/emisora.univalle.edu.co\/\/?p=5409"},"modified":"2015-07-14T15:55:54","modified_gmt":"2015-07-14T20:55:54","slug":"revista-imagen-de-los-vallecaucanos-condecorara-al-gobernador-ubeimar-delgado-blandon","status":"publish","type":"post","link":"https:\/\/emisora.univalle.edu.co\/index.php\/revista-imagen-de-los-vallecaucanos-condecorara-al-gobernador-ubeimar-delgado-blandon\/","title":{"rendered":"Revista Imagen de los Vallecaucanos condecorar\u00e1 al Gobernador Ubeimar Delgado Bland\u00f3n"},"content":{"rendered":"<p><span style=\"line-height: 1.5em;\">La Revista Imagen de los Vallecaucanos realizar\u00e1 una condecoraci\u00f3n especial a 21 vallecaucanos destacados por su gesti\u00f3n y labor durante el a\u00f1o 2014 y 2015 dentro de los cuales se encuentra el Gobernador del Valle del Cauca Ubeimar Delgado Bland\u00f3n.<\/span><\/p>\n<p>El acto protocolario se llevar\u00e1 a cabo ma\u00f1ana martes 14 de Julio en el sal\u00f3n principal del Hotel Guadalajara de la ciudad de Buga a partir de las 2:30pm.<\/p>\n<p>La Gobernaci\u00f3n del Valle del Cauca extiende la invitaci\u00f3n a los medios de comunicaci\u00f3n, regionales y locales, para que se vinculen a este acto.<\/p>\n<p>Fuente: Comunicaciones Gobernaci\u00f3n<\/p>\n","protected":false},"excerpt":{"rendered":"<p>La Revista Imagen de los Vallecaucanos realizar\u00e1 una condecoraci\u00f3n especial a 21 vallecaucanos destacados por su gesti\u00f3n y labor durante el a\u00f1o 2014 y 2015 dentro de los cuales se encuentra el Gobernador del Valle del Cauca Ubeimar Delgado Bland\u00f3n. El acto protocolario se llevar\u00e1 a cabo ma\u00f1ana martes 14[&#8230;]<\/p>\n","protected":false},"author":1,"featured_media":5386,"comment_status":"open","ping_status":"open","sticky":false,"template":"","format":"standard","meta":{"footnotes":""},"categories":[4],"tags":[],"_links":{"self":[{"href":"https:\/\/emisora.univalle.edu.co\/index.php\/wp-json\/wp\/v2\/posts\/5409"}],"collection":[{"href":"https:\/\/emisora.univalle.edu.co\/index.php\/wp-json\/wp\/v2\/posts"}],"about":[{"href":"https:\/\/emisora.univalle.edu.co\/index.php\/wp-json\/wp\/v2\/types\/post"}],"author":[{"embeddable":true,"href":"https:\/\/emisora.univalle.edu.co\/index.php\/wp-json\/wp\/v2\/users\/1"}],"replies":[{"embeddable":true,"href":"https:\/\/emisora.univalle.edu.co\/index.php\/wp-json\/wp\/v2\/comments?post=5409"}],"version-history":[{"count":1,"href":"https:\/\/emisora.univalle.edu.co\/index.php\/wp-json\/wp\/v2\/posts\/5409\/revisions"}],"predecessor-version":[{"id":5410,"href":"https:\/\/emisora.univalle.edu.co\/index.php\/wp-json\/wp\/v2\/posts\/5409\/revisions\/5410"}],"wp:featuredmedia":[{"embeddable":true,"href":"https:\/\/emisora.univalle.edu.co\/index.php\/wp-json\/wp\/v2\/media\/5386"}],"wp:attachment":[{"href":"https:\/\/emisora.univalle.edu.co\/index.php\/wp-json\/wp\/v2\/media?parent=5409"}],"wp:term":[{"taxonomy":"category","embeddable":true,"href":"https:\/\/emisora.univalle.edu.co\/index.php\/wp-json\/wp\/v2\/categories?post=5409"},{"taxonomy":"post_tag","embeddable":true,"href":"https:\/\/emisora.univalle.edu.co\/index.php\/wp-json\/wp\/v2\/tags?post=5409"}],"curies":[{"name":"wp","href":"https:\/\/api.w.org\/{rel}","templated":true}]}}