{"id":5449,"date":"2015-07-15T16:23:02","date_gmt":"2015-07-15T21:23:02","guid":{"rendered":"https:\/\/emisora.univalle.edu.co\/\/?p=5449"},"modified":"2015-07-15T16:26:01","modified_gmt":"2015-07-15T21:26:01","slug":"cali-exhibe-orgullosa-sus-colores-por-el-mundial-de-atletismo-y-previo-su-cumpleanos","status":"publish","type":"post","link":"https:\/\/emisora.univalle.edu.co\/index.php\/cali-exhibe-orgullosa-sus-colores-por-el-mundial-de-atletismo-y-previo-su-cumpleanos\/","title":{"rendered":"Cali exhibe orgullosa sus colores por el Mundial de Atletismo y previo a su cumplea\u00f1os"},"content":{"rendered":"<p><span style=\"line-height: 1.5em;\">En aras de exaltar ese esp\u00edritu c\u00edvico y festivo que caracteriza a la ciudad, desde el Gobierno Municipal se insta a los cale\u00f1os a izar las banderas de Colombia y Cali desde este 15 y hasta el 25 de julio.<\/span><\/p>\n<p><a href=\"https:\/\/emisora.univalle.edu.co\/\/wp-content\/uploads\/2015\/07\/Mundiatle.jpg\" data-lightbox=\"gal[5449]\"><img loading=\"lazy\" decoding=\"async\" class=\"wp-image-5434 alignleft\" alt=\"Mundiatle\" src=\"https:\/\/emisora.univalle.edu.co\/\/wp-content\/uploads\/2015\/07\/Mundiatle-150x150.jpg\" width=\"350\" height=\"200\" \/><\/a>Juan Esteban \u00c1ngel Borrero, secretario privado de la Alcald\u00eda, se\u00f1al\u00f3 que \u201cenarbolar las banderas m\u00e1s que una obligaci\u00f3n es mostrarle al mundo el ambiente de fiesta que empieza a vivir la capital del Valle del Cauca como organizadora del Campeonato Mundial de este este deporte que realiza la IAAF \u2013Federaci\u00f3n Internacional de Asociaciones de Atletismo, sigla en ingl\u00e9s\u2013 que en esta oportunidad acoge a 1240 exponentes juveniles del deporte base\u201d.<\/p>\n<p>Record\u00f3 que \u201cdesde este mi\u00e9rcoles 15 de julio, Santiago de Cali representa a toda la naci\u00f3n colombiana, como organizadora de un certamen ecum\u00e9nico, sobre el cual est\u00e1n puestos los ojos deportivos del mundo\u201d.<\/p>\n<p>Subray\u00f3 que \u201condear los pabellones de Colombia y Cali es la representaci\u00f3n plena del sentido de pertenencia y ese orgullo de haber nacido o vivir en esta urbe, que hoy d\u00eda se proyecta al mundo desde diversos \u00e1mbitos como el econ\u00f3mico, el cultural, el deportivo, entre otros, por lo que esta clase de expresiones c\u00edvicas son el significado m\u00e1s relevante del amor por esta prodigiosa capital\u201d.<\/p>\n<p>De igual manera, \u00c1ngel Borrero expres\u00f3 que esta es la oportunidad de engalanar la ciudad con sus mejores atuendos, como son sus s\u00edmbolos patrios, representados en sus pabellones, de ah\u00ed ese llamado hecho por el alcalde, Rodrigo Guerrero Velasco para demostrar el sentimiento de cale\u00f1idad que nos caracteriza y afianzar una vez m\u00e1s que el civismo hace parte de nuestra identidad, m\u00e1xime que la ciudad est\u00e1 en la mira de todo un planeta con la organizaci\u00f3n de tan magno certamen deportivo.<\/p>\n<p>El alto funcionario de la Administraci\u00f3n Municipal indic\u00f3 que la fiesta con su \u201cvestimenta patria\u201d durar\u00e1 10 d\u00edas, habida cuenta que se extender\u00e1 hasta el 25 de julio, fecha en la que los cale\u00f1os\u00a0 celebrar\u00e1n los 479 a\u00f1os de fundaci\u00f3n de la ciudad, los cuales ser\u00e1n conmemorados por todo lo alto, con la iluminaci\u00f3n de ic\u00f3nicos edificios y otras actividades sorpresas que ser\u00e1n del deleite de grandes y chicos.<\/p>\n[metaslider id=\u00bb755&#8243;]\n<p>Fuente: Comunicaciones Alcald\u00eda<\/p>\n","protected":false},"excerpt":{"rendered":"<p>En aras de exaltar ese esp\u00edritu c\u00edvico y festivo que caracteriza a la ciudad, desde el Gobierno Municipal se insta a los cale\u00f1os a izar las banderas de Colombia y Cali desde este 15 y hasta el 25 de julio. Juan Esteban \u00c1ngel Borrero, secretario privado de la Alcald\u00eda, se\u00f1al\u00f3[&#8230;]<\/p>\n","protected":false},"author":1,"featured_media":5428,"comment_status":"open","ping_status":"open","sticky":false,"template":"","format":"standard","meta":{"footnotes":""},"categories":[4],"tags":[],"_links":{"self":[{"href":"https:\/\/emisora.univalle.edu.co\/index.php\/wp-json\/wp\/v2\/posts\/5449"}],"collection":[{"href":"https:\/\/emisora.univalle.edu.co\/index.php\/wp-json\/wp\/v2\/posts"}],"about":[{"href":"https:\/\/emisora.univalle.edu.co\/index.php\/wp-json\/wp\/v2\/types\/post"}],"author":[{"embeddable":true,"href":"https:\/\/emisora.univalle.edu.co\/index.php\/wp-json\/wp\/v2\/users\/1"}],"replies":[{"embeddable":true,"href":"https:\/\/emisora.univalle.edu.co\/index.php\/wp-json\/wp\/v2\/comments?post=5449"}],"version-history":[{"count":3,"href":"https:\/\/emisora.univalle.edu.co\/index.php\/wp-json\/wp\/v2\/posts\/5449\/revisions"}],"predecessor-version":[{"id":5452,"href":"https:\/\/emisora.univalle.edu.co\/index.php\/wp-json\/wp\/v2\/posts\/5449\/revisions\/5452"}],"wp:featuredmedia":[{"embeddable":true,"href":"https:\/\/emisora.univalle.edu.co\/index.php\/wp-json\/wp\/v2\/media\/5428"}],"wp:attachment":[{"href":"https:\/\/emisora.univalle.edu.co\/index.php\/wp-json\/wp\/v2\/media?parent=5449"}],"wp:term":[{"taxonomy":"category","embeddable":true,"href":"https:\/\/emisora.univalle.edu.co\/index.php\/wp-json\/wp\/v2\/categories?post=5449"},{"taxonomy":"post_tag","embeddable":true,"href":"https:\/\/emisora.univalle.edu.co\/index.php\/wp-json\/wp\/v2\/tags?post=5449"}],"curies":[{"name":"wp","href":"https:\/\/api.w.org\/{rel}","templated":true}]}}