{"id":5453,"date":"2015-07-15T16:28:52","date_gmt":"2015-07-15T21:28:52","guid":{"rendered":"https:\/\/emisora.univalle.edu.co\/\/?p=5453"},"modified":"2015-07-15T16:28:52","modified_gmt":"2015-07-15T21:28:52","slug":"del-7-al-9-de-agosto-festival-latinoamericano-de-danzas-folcloricas","status":"publish","type":"post","link":"https:\/\/emisora.univalle.edu.co\/index.php\/del-7-al-9-de-agosto-festival-latinoamericano-de-danzas-folcloricas\/","title":{"rendered":"Del 7 al 9 de agosto Festival Latinoamericano de Danzas Folcl\u00f3ricas"},"content":{"rendered":"<p><span style=\"line-height: 1.5em;\">Con el apoyo de la Secretar\u00eda de Cultura del Valle del Cauca, del 7 al 9 de Agosto del 2015 se llevar\u00e1 a cabo en el municipio de Guacar\u00ed el Festival Latinoamericano de Danzas Folcl\u00f3ricas, \u00abMyriam Saavedra Rizo\u00bb, veinte A\u00f1os haciendo Cultura a trav\u00e9s de la DANZA.<\/span><\/p>\n<p>Guacar\u00ed, municipio situado en el centro del Departamento del Valle del Cauca, se reconoce como un atractivo cultural, gracias al desarrollo de expresiones art\u00edsticas como la danza y la m\u00fasica, a trav\u00e9s de las cuales sus ni\u00f1os, adolescentes, j\u00f3venes y adultos ponen de presente la alegr\u00eda y la creatividad propia de su gente.<\/p>\n<p>El Festival Latinoamericano de Danzas Folcl\u00f3ricas \u00a8Myriam Saavedra Rizo\u00a8 es evento popular, definido y caracterizado como una oportunidad de encuentro danc\u00edstico, que preserva la pluralidad y diversidad de los pueblos, mediante el intercambio reciproco de saberes y costumbres.<\/p>\n<p>El presente a\u00f1o se llega a la vig\u00e9sima (20) versi\u00f3n de este encuentro cultural y de hermandad latinoamericana, que favorece el crecimiento cultural, la valoraci\u00f3n y recuperaci\u00f3n de identidad y la proyecci\u00f3n de iniciativas culturales desde lo local hasta los niveles Nacional e Internacional.<\/p>\n<p>Contaremos con la presencia de delegaciones provenientes de Costa Rica, M\u00e9xico, Panam\u00e1, Ecuador, Per\u00fa, Chile, Argentina, Venezuela y Colombia, que estar\u00e1 representada por delegaciones de Antioquia, C\u00f3rdoba, y Valle del<br \/>\nCauca, adem\u00e1s de los grupos representativos de la municipalidad.<\/p>\n<p>Esta fiesta cultural inicia con la presentaci\u00f3n del sexto festival infantil de danza latinoamericana, entre el 4 y 7 de Agosto, momento en el cual se abre el Festival Latinoamericano de Danzas Folcl\u00f3ricas de mayores que se extiende<br \/>\nhasta el 10 de Agosto de 2015.<\/p>\n<p>En el desarrollo del Festival Latinoamericano de Danzas Folcl\u00f3ricas, se integran actividades que favorecen la participaci\u00f3n ciudadana, entre las que cabe destacar: galas nocturnas, talleres pedag\u00f3gicos, te\u00f3ricos, pr\u00e1cticos, sobre la cultura y folclor de las delegaciones participantes; exposiciones artesanales, pl\u00e1sticas y fotogr\u00e1ficas; desfile folcl\u00f3rico; talleres coreogr\u00e1ficos, de maquillaje, dise\u00f1o de vestuario y parafernalia; muestra gastron\u00f3mica Internacional, Nacional y Regional; festival infantil; festival al campo; conversatorios y la misa criolla.<\/p>\n<p>La solidez y trayectoria del festival, son producto del decidido apoyo de la Administraci\u00f3n Municipal, la ciudadan\u00eda, las organizaciones y gestores culturales locales, las entidades oficiales como el ministerio de cultura a trav\u00e9s del programa nacional de concertaci\u00f3n cultural, la Secretaria de Cultura del Departamento, el Fondo Mixto para la Promoci\u00f3n de la Cultura y las Artes del Valle del Cauca, la empresa privada, los medios de comunicaci\u00f3n regionales y locales, entre otros, que a\u00f1o tras a\u00f1o acogen el evento y participan activamente de \u00e9l.<br \/>\nEl pr\u00f3ximo veintitr\u00e9s de julio en el Sal\u00f3n Gobernadores Juan Pablo II, de la Gobernaci\u00f3n del Valle del Cauca a las 9:00 a.m. se realizar\u00e1 la presentaci\u00f3n y lanzamiento del Festival Latinoamericano de Danzas Folcl\u00f3ricas \u00abMyriam Saavedra Rizo\u00bb. Est\u00e1n invitados todos los medios de comunicaci\u00f3n que podr\u00e1n conocer las piezas publicitarias de este encuentro cultural, el m\u00e1s grande de los guacarice\u00f1os.<\/p>\n<p>Fuente. Comunicaciones Gobernaci\u00f3n.<\/p>\n","protected":false},"excerpt":{"rendered":"<p>Con el apoyo de la Secretar\u00eda de Cultura del Valle del Cauca, del 7 al 9 de Agosto del 2015 se llevar\u00e1 a cabo en el municipio de Guacar\u00ed el Festival Latinoamericano de Danzas Folcl\u00f3ricas, \u00abMyriam Saavedra Rizo\u00bb, veinte A\u00f1os haciendo Cultura a trav\u00e9s de la DANZA. Guacar\u00ed, municipio situado[&#8230;]<\/p>\n","protected":false},"author":1,"featured_media":5432,"comment_status":"open","ping_status":"open","sticky":false,"template":"","format":"standard","meta":{"footnotes":""},"categories":[4],"tags":[],"_links":{"self":[{"href":"https:\/\/emisora.univalle.edu.co\/index.php\/wp-json\/wp\/v2\/posts\/5453"}],"collection":[{"href":"https:\/\/emisora.univalle.edu.co\/index.php\/wp-json\/wp\/v2\/posts"}],"about":[{"href":"https:\/\/emisora.univalle.edu.co\/index.php\/wp-json\/wp\/v2\/types\/post"}],"author":[{"embeddable":true,"href":"https:\/\/emisora.univalle.edu.co\/index.php\/wp-json\/wp\/v2\/users\/1"}],"replies":[{"embeddable":true,"href":"https:\/\/emisora.univalle.edu.co\/index.php\/wp-json\/wp\/v2\/comments?post=5453"}],"version-history":[{"count":1,"href":"https:\/\/emisora.univalle.edu.co\/index.php\/wp-json\/wp\/v2\/posts\/5453\/revisions"}],"predecessor-version":[{"id":5454,"href":"https:\/\/emisora.univalle.edu.co\/index.php\/wp-json\/wp\/v2\/posts\/5453\/revisions\/5454"}],"wp:featuredmedia":[{"embeddable":true,"href":"https:\/\/emisora.univalle.edu.co\/index.php\/wp-json\/wp\/v2\/media\/5432"}],"wp:attachment":[{"href":"https:\/\/emisora.univalle.edu.co\/index.php\/wp-json\/wp\/v2\/media?parent=5453"}],"wp:term":[{"taxonomy":"category","embeddable":true,"href":"https:\/\/emisora.univalle.edu.co\/index.php\/wp-json\/wp\/v2\/categories?post=5453"},{"taxonomy":"post_tag","embeddable":true,"href":"https:\/\/emisora.univalle.edu.co\/index.php\/wp-json\/wp\/v2\/tags?post=5453"}],"curies":[{"name":"wp","href":"https:\/\/api.w.org\/{rel}","templated":true}]}}