{"id":5455,"date":"2015-07-15T16:33:02","date_gmt":"2015-07-15T21:33:02","guid":{"rendered":"https:\/\/emisora.univalle.edu.co\/\/?p=5455"},"modified":"2015-07-15T16:33:02","modified_gmt":"2015-07-15T21:33:02","slug":"gobernador-del-valle-lidero-el-consejo-departamental-de-politica-social","status":"publish","type":"post","link":"https:\/\/emisora.univalle.edu.co\/index.php\/gobernador-del-valle-lidero-el-consejo-departamental-de-politica-social\/","title":{"rendered":"Gobernador del Valle lider\u00f3 el Consejo Departamental de Pol\u00edtica Social"},"content":{"rendered":"<p><span style=\"line-height: 1.5em;\">El gobernador de los vallecaucanos Ubeimar Delgado Bland\u00f3n presidi\u00f3 el Consejo departamental de Pol\u00edtica social, en el cual se informaron los resultados de la estampilla de recaudo en pro del adulto mayor que beneficia a la poblaci\u00f3n vulnerable del departamento.<\/span><\/p>\n<p>Durante la reuni\u00f3n, el Gobernador del Valle manifest\u00f3 que \u00abestamos cumpliendo con las exigencias de ley y las ordenanzas de la asamblea departamental en las cuales se dicta que el dinero recaudado por la estampilla del adulto mayor tienen que ser invertidos en pro de la poblaci\u00f3n adulta de la regi\u00f3n. Estos recursos est\u00e1n siendo invertidos en alimentaci\u00f3n, recreaci\u00f3n y cultura, ambiente social y centros vida en los municipios donde m\u00e1s se presentan estad\u00edsticas de esta poblaci\u00f3n\u00bb.<\/p>\n<p>El Secretario de Participaci\u00f3n y desarrollo social del Valle, Diego Ramiro Obando Dom\u00ednguez, dijo que \u00abeste consejo departamental muestra una vez mas los resultados que se obtienen tras la inversi\u00f3n de los recursos de esta estampilla, pero adem\u00e1s estamos informando sobre la pr\u00f3xima rendici\u00f3n de cuentas de infancia y adolescencia. Estamos listos para esta rendici\u00f3n en Julio y Agosto y para ellos estamos haciendo seguimiento y asistencia t\u00e9cnica a los municipios para que en el mes de septiembre realicemos la audiencia final\u00bb.<\/p>\n<p>Fuente. Comunicaciones Gobernaci\u00f3n.<\/p>\n","protected":false},"excerpt":{"rendered":"<p>El gobernador de los vallecaucanos Ubeimar Delgado Bland\u00f3n presidi\u00f3 el Consejo departamental de Pol\u00edtica social, en el cual se informaron los resultados de la estampilla de recaudo en pro del adulto mayor que beneficia a la poblaci\u00f3n vulnerable del departamento. Durante la reuni\u00f3n, el Gobernador del Valle manifest\u00f3 que \u00abestamos[&#8230;]<\/p>\n","protected":false},"author":1,"featured_media":5436,"comment_status":"open","ping_status":"open","sticky":false,"template":"","format":"standard","meta":{"footnotes":""},"categories":[4],"tags":[],"_links":{"self":[{"href":"https:\/\/emisora.univalle.edu.co\/index.php\/wp-json\/wp\/v2\/posts\/5455"}],"collection":[{"href":"https:\/\/emisora.univalle.edu.co\/index.php\/wp-json\/wp\/v2\/posts"}],"about":[{"href":"https:\/\/emisora.univalle.edu.co\/index.php\/wp-json\/wp\/v2\/types\/post"}],"author":[{"embeddable":true,"href":"https:\/\/emisora.univalle.edu.co\/index.php\/wp-json\/wp\/v2\/users\/1"}],"replies":[{"embeddable":true,"href":"https:\/\/emisora.univalle.edu.co\/index.php\/wp-json\/wp\/v2\/comments?post=5455"}],"version-history":[{"count":1,"href":"https:\/\/emisora.univalle.edu.co\/index.php\/wp-json\/wp\/v2\/posts\/5455\/revisions"}],"predecessor-version":[{"id":5456,"href":"https:\/\/emisora.univalle.edu.co\/index.php\/wp-json\/wp\/v2\/posts\/5455\/revisions\/5456"}],"wp:featuredmedia":[{"embeddable":true,"href":"https:\/\/emisora.univalle.edu.co\/index.php\/wp-json\/wp\/v2\/media\/5436"}],"wp:attachment":[{"href":"https:\/\/emisora.univalle.edu.co\/index.php\/wp-json\/wp\/v2\/media?parent=5455"}],"wp:term":[{"taxonomy":"category","embeddable":true,"href":"https:\/\/emisora.univalle.edu.co\/index.php\/wp-json\/wp\/v2\/categories?post=5455"},{"taxonomy":"post_tag","embeddable":true,"href":"https:\/\/emisora.univalle.edu.co\/index.php\/wp-json\/wp\/v2\/tags?post=5455"}],"curies":[{"name":"wp","href":"https:\/\/api.w.org\/{rel}","templated":true}]}}