{"id":5457,"date":"2015-07-15T16:34:42","date_gmt":"2015-07-15T21:34:42","guid":{"rendered":"https:\/\/emisora.univalle.edu.co\/\/?p=5457"},"modified":"2015-07-15T16:34:42","modified_gmt":"2015-07-15T21:34:42","slug":"gobierno-nacional-lanza-politica-publica-de-primera-infancia-en-cali","status":"publish","type":"post","link":"https:\/\/emisora.univalle.edu.co\/index.php\/gobierno-nacional-lanza-politica-publica-de-primera-infancia-en-cali\/","title":{"rendered":"Gobierno Nacional lanza pol\u00edtica p\u00fablica de primera infancia en Cali"},"content":{"rendered":"<p><span style=\"line-height: 1.5em;\">Este jueves 16 de julio, la Alcald\u00eda de Cali y el Ministerio de Educaci\u00f3n Nacional llevar\u00e1n a cabo el acto de lanzamiento del proyecto \u2018Orientaciones de Pol\u00edtica para la promoci\u00f3n de transiciones arm\u00f3nicas de las ni\u00f1as y ni\u00f1os en el entorno educativo\u2019.<\/span><\/p>\n<p>El proyecto se desarrolla como parte de la Pol\u00edtica P\u00fablica Educativa de Atenci\u00f3n a la Primera Infancia, con la que se busca la construcci\u00f3n de orientaciones para promover transiciones que potencien el desarrollo integral de los peque\u00f1os, a la vez que garanticen su acceso, continuidad y permanencia en el sistema educativo.<\/p>\n<p>El evento ser\u00e1 presidido por la ministra de Educaci\u00f3n Nacional, Gina Parody; el viceministro de Educaci\u00f3n Preescolar B\u00e1sica y Media, Luis Garc\u00eda de Brigard; el alcalde de Cali, Rodrigo Guerrero Velasco; el secretario de Educaci\u00f3n, \u00c9dgar Jos\u00e9 Polanco Pereira, y Mar\u00eda Eugenia Carvajal de Guerrero, gestora Social del Municipio.<\/p>\n<p>Por otra parte, los asistentes participar\u00e1n de la presentaci\u00f3n de la mencionada pol\u00edtica, a trav\u00e9s del conversatorio: \u2018Retos y perspectivas para la promoci\u00f3n de transiciones arm\u00f3nicas en el entorno educativo en la ciudad de Cali\u2019, que ser\u00e1 orientado por la ministra Parody.<\/p>\n<p>Dada la pertinencia e importancia del tema para la gesti\u00f3n de la Pol\u00edtica de Atenci\u00f3n Integral a la Primera Infancia y de las relaciones construidas para la garant\u00eda de los derechos de los ni\u00f1os, la Secretar\u00eda de Educaci\u00f3n extiende la invitaci\u00f3n al evento de lanzamiento de esta pol\u00edtica, importante para el avance en el mejoramiento de la calidad de vida de los peque\u00f1os de la ciudad.<\/p>\n<p>Lugar: Instituci\u00f3n Educativa INEM Jorge Isaacs<\/p>\n<p>Direcci\u00f3n: carrera 5N #61N-126 Flora Industrial<\/p>\n<p>Fecha: 16 de Julio de 2015<\/p>\n<p>Hora: 2:00 p.m.<\/p>\n<p>Fuente: Comunicaciones Alcald\u00eda<\/p>\n","protected":false},"excerpt":{"rendered":"<p>Este jueves 16 de julio, la Alcald\u00eda de Cali y el Ministerio de Educaci\u00f3n Nacional llevar\u00e1n a cabo el acto de lanzamiento del proyecto \u2018Orientaciones de Pol\u00edtica para la promoci\u00f3n de transiciones arm\u00f3nicas de las ni\u00f1as y ni\u00f1os en el entorno educativo\u2019. El proyecto se desarrolla como parte de la[&#8230;]<\/p>\n","protected":false},"author":1,"featured_media":5441,"comment_status":"open","ping_status":"open","sticky":false,"template":"","format":"standard","meta":{"footnotes":""},"categories":[4],"tags":[],"_links":{"self":[{"href":"https:\/\/emisora.univalle.edu.co\/index.php\/wp-json\/wp\/v2\/posts\/5457"}],"collection":[{"href":"https:\/\/emisora.univalle.edu.co\/index.php\/wp-json\/wp\/v2\/posts"}],"about":[{"href":"https:\/\/emisora.univalle.edu.co\/index.php\/wp-json\/wp\/v2\/types\/post"}],"author":[{"embeddable":true,"href":"https:\/\/emisora.univalle.edu.co\/index.php\/wp-json\/wp\/v2\/users\/1"}],"replies":[{"embeddable":true,"href":"https:\/\/emisora.univalle.edu.co\/index.php\/wp-json\/wp\/v2\/comments?post=5457"}],"version-history":[{"count":1,"href":"https:\/\/emisora.univalle.edu.co\/index.php\/wp-json\/wp\/v2\/posts\/5457\/revisions"}],"predecessor-version":[{"id":5458,"href":"https:\/\/emisora.univalle.edu.co\/index.php\/wp-json\/wp\/v2\/posts\/5457\/revisions\/5458"}],"wp:featuredmedia":[{"embeddable":true,"href":"https:\/\/emisora.univalle.edu.co\/index.php\/wp-json\/wp\/v2\/media\/5441"}],"wp:attachment":[{"href":"https:\/\/emisora.univalle.edu.co\/index.php\/wp-json\/wp\/v2\/media?parent=5457"}],"wp:term":[{"taxonomy":"category","embeddable":true,"href":"https:\/\/emisora.univalle.edu.co\/index.php\/wp-json\/wp\/v2\/categories?post=5457"},{"taxonomy":"post_tag","embeddable":true,"href":"https:\/\/emisora.univalle.edu.co\/index.php\/wp-json\/wp\/v2\/tags?post=5457"}],"curies":[{"name":"wp","href":"https:\/\/api.w.org\/{rel}","templated":true}]}}