{"id":5463,"date":"2015-07-16T15:14:28","date_gmt":"2015-07-16T20:14:28","guid":{"rendered":"https:\/\/emisora.univalle.edu.co\/\/?p=5463"},"modified":"2015-07-16T15:14:28","modified_gmt":"2015-07-16T20:14:28","slug":"gobernador-del-valle-se-reunio-con-sintraemcali-y-ofrecio-mediacion-para-mejorar-la-entidad","status":"publish","type":"post","link":"https:\/\/emisora.univalle.edu.co\/index.php\/gobernador-del-valle-se-reunio-con-sintraemcali-y-ofrecio-mediacion-para-mejorar-la-entidad\/","title":{"rendered":"Gobernador del Valle se reuni\u00f3 con Sintraemcali y ofreci\u00f3 mediaci\u00f3n para mejorar la entidad"},"content":{"rendered":"<p><span style=\"line-height: 1.5em;\">El gobernador del Valle, Ubeimar Delgado Bland\u00f3n recibi\u00f3 en su despacho a los integrantes de la junta directiva de Sintraemcali quienes le expresaron al Mandatario su preocupaci\u00f3n por la entidad en temas como alumbrado p\u00fablico y comunicaciones. Los sindicalistas le pidieron al Gobernador intervenir para sacar adelante la empresa.<\/span><\/p>\n<p>\u201cHe recibido a la junta directiva de Sintraemcali quienes han expresado preocupaciones, inquietudes, denuncias, situaciones bastantes comprometedoras en la administraci\u00f3n de Emcali, les he pedido que reflexionemos sobre los documentos que nos entreguen, fotocopias, y con base en eso hagamos un taller con el apoyo de\u00a0 profesionales que conozcan\u00a0 de los temas jur\u00eddicos, de servicios p\u00fablicos y ver c\u00f3mo coadyuvamos para interlocutar con el alcalde Rodrigo Guerrero y la Superintendencia de servicios p\u00fablicos, y buscar c\u00f3mo somos parte de la soluci\u00f3n y no agrandar el problema, porque la soluci\u00f3n es unirnos para brindar claridad a las denuncias, a las dudas que tiene el sindicato y que como gobernador tengo el deber de atender\u201d, puntualiz\u00f3 Ubeimar Delgado Bland\u00f3n.<\/p>\n<p>El Gobernador le propuso a los directivos de Emcali tener en cuenta el modelo de la Planta de tratamiento de Residuos S\u00f3lidos que conoci\u00f3 en Mil\u00e1n Italia durante Expomil\u00e1n 2015.<\/p>\n<p>\u201cComo Gobernador estuve en Mil\u00e1n donde se procesan las basuras y se utilizan en un 85% para convertirlas en energ\u00eda, de igual manera los l\u00edquidos se convierten en abonos, de esa manera, s\u00f3lo quedara un 20% de los residuos\u00a0 que definitivamente ya no sirven; esta es una empresa muy t\u00e9cnica de tal manera que Emcali pueda aprovechar para montar otro negocio\u201d, finaliz\u00f3 el Mandatario.<\/p>\n<p>Ubeimar Delgado enfatiz\u00f3 que da grima que despu\u00e9s de m\u00e1s de 25 a\u00f1os las Empresas de Medell\u00edn tengan un total desarrollo con un amplio capital cuando en su momento copiaron el modelo de Emcali, y ver como la empresa de los cale\u00f1os se ha venido a menos. \u201cSus requerimientos tienen sentido y quiero conocer los soportes para servir de puente con el alcalde de la ciudad y los entes de control para ayudar a solucionar esta problem\u00e1tica, en lo que me corresponda quiero participar de este proceso\u201d, anot\u00f3 el Gobernador Delgado.<\/p>\n<p>Fuente: Comunicaciones Gobernaci\u00f3n<\/p>\n","protected":false},"excerpt":{"rendered":"<p>El gobernador del Valle, Ubeimar Delgado Bland\u00f3n recibi\u00f3 en su despacho a los integrantes de la junta directiva de Sintraemcali quienes le expresaron al Mandatario su preocupaci\u00f3n por la entidad en temas como alumbrado p\u00fablico y comunicaciones. Los sindicalistas le pidieron al Gobernador intervenir para sacar adelante la empresa. \u201cHe[&#8230;]<\/p>\n","protected":false},"author":1,"featured_media":5467,"comment_status":"open","ping_status":"open","sticky":false,"template":"","format":"standard","meta":{"footnotes":""},"categories":[4],"tags":[],"_links":{"self":[{"href":"https:\/\/emisora.univalle.edu.co\/index.php\/wp-json\/wp\/v2\/posts\/5463"}],"collection":[{"href":"https:\/\/emisora.univalle.edu.co\/index.php\/wp-json\/wp\/v2\/posts"}],"about":[{"href":"https:\/\/emisora.univalle.edu.co\/index.php\/wp-json\/wp\/v2\/types\/post"}],"author":[{"embeddable":true,"href":"https:\/\/emisora.univalle.edu.co\/index.php\/wp-json\/wp\/v2\/users\/1"}],"replies":[{"embeddable":true,"href":"https:\/\/emisora.univalle.edu.co\/index.php\/wp-json\/wp\/v2\/comments?post=5463"}],"version-history":[{"count":1,"href":"https:\/\/emisora.univalle.edu.co\/index.php\/wp-json\/wp\/v2\/posts\/5463\/revisions"}],"predecessor-version":[{"id":5468,"href":"https:\/\/emisora.univalle.edu.co\/index.php\/wp-json\/wp\/v2\/posts\/5463\/revisions\/5468"}],"wp:featuredmedia":[{"embeddable":true,"href":"https:\/\/emisora.univalle.edu.co\/index.php\/wp-json\/wp\/v2\/media\/5467"}],"wp:attachment":[{"href":"https:\/\/emisora.univalle.edu.co\/index.php\/wp-json\/wp\/v2\/media?parent=5463"}],"wp:term":[{"taxonomy":"category","embeddable":true,"href":"https:\/\/emisora.univalle.edu.co\/index.php\/wp-json\/wp\/v2\/categories?post=5463"},{"taxonomy":"post_tag","embeddable":true,"href":"https:\/\/emisora.univalle.edu.co\/index.php\/wp-json\/wp\/v2\/tags?post=5463"}],"curies":[{"name":"wp","href":"https:\/\/api.w.org\/{rel}","templated":true}]}}