{"id":5469,"date":"2015-07-16T15:15:42","date_gmt":"2015-07-16T20:15:42","guid":{"rendered":"https:\/\/emisora.univalle.edu.co\/\/?p=5469"},"modified":"2015-07-16T15:15:42","modified_gmt":"2015-07-16T20:15:42","slug":"opera-prima-de-egresados-en-festival-de-locarno","status":"publish","type":"post","link":"https:\/\/emisora.univalle.edu.co\/index.php\/opera-prima-de-egresados-en-festival-de-locarno\/","title":{"rendered":"Opera prima de egresados en Festival de Locarno"},"content":{"rendered":"<p><span style=\"line-height: 1.5em;\">Siembra, opera prima de los egresados de Comunicaci\u00f3n Social de la Universidad del Valle \u00c1ngela Osorio y Santiago Lozano, fue seleccionada para hacer parte del Festival de Cine de Locarno, Suiza.<\/span><\/p>\n<p>Esta pel\u00edcula har\u00e1 parte de la secci\u00f3n \u201cCineastas del Presente\u201d. Es el \u00fanico largometraje que representar\u00e1 a Colombia en este evento.<\/p>\n<p>El Festival Internacional de Cine de Locarno se desarrollar\u00e1 del 5 al 15 de agosto de 2015 y viene realiz\u00e1ndose hace 67 a\u00f1os, lo que lo ha convertido en uno de los festivales de cine de autor m\u00e1s importantes del mundo. Claude Chabrol, Stanley Kubrick, Glauber Rocha, Abbas Kiarostami y Spike Lee son algunos de los cineastas que han pasado por este Festival.<\/p>\n<p>Este filme es producido por los tambi\u00e9n egresados de Comunicaci\u00f3n Social Gerylee Polanco y Oscar Ruiz Navia de Contrav\u00eda Films, empresa productora de El vuelco del cangrejo (2010), La Sirga (2012) y Los Hongos (2014); es una coproducci\u00f3n entre Contrav\u00eda Films, B\u00e1rbara Films, Universidad Aut\u00f3noma de Occidente de Colombia y Autentika Films de Alemania.<\/p>\n<p>Siembra narra la historia de Turco, un pescador de la costa pac\u00edfica colombiana que a\u00f1ora regresar, en compa\u00f1\u00eda de su hijo Yosner, a la tierra que abandon\u00f3 hace tres a\u00f1os a causa del conflicto armado. Vive en la ciudad atrapado por un sentimiento de desarraigo mientras su hijo encuentra en ella un futuro posible. La ilusi\u00f3n del padre por regresar se rompe con la muerte del hijo. Turco se ve confrontado por el dolor y la impotencia ante ese cuerpo inerte que se ha convertido en un obst\u00e1culo m\u00e1s para volver a su tierra. Mientras se celebran los rituales tradicionales de velaci\u00f3n, Turco se distancia y deambula por la ciudad para realizar su propio duelo; pero el tiempo pasa y tiene que encontrar un lugar para enterrar a su hijo.<\/p>\n<p>Siembra ha ganado las convocatorias del Fondo para el Desarrollo Cinematogr\u00e1fico de Colombia en 2009 para escritura de gui\u00f3n y en 2012 para producci\u00f3n, y del World Cinema Fund en 2014. Tambi\u00e9n particip\u00f3 en Encuentros Cartagena 2013 y en los Screenings del BAM 2014. Surgi\u00f3 de la investigaci\u00f3n realizada como el trabajo de pregrado de los directores.<\/p>\n<p>\u00c1ngela Osorio es egresada de Comunicaci\u00f3n Social de la Universidad del Valle y Candidata al Doctorado en Humanidades en la Universidad Carlos III de Madrid; en el 2002 gan\u00f3 el premio Vidarte (M\u00e9xico) con su video experimental Serie Inm\u00f3viles; actualmente es directora del \u00e1rea de Educaci\u00f3n y Cultura del Museo La Tertulia de Cali y es docente en el programa de Artes Visuales de la Universidad Javeriana de Cali.<\/p>\n<p>Santiago Lozano es Comunicador Social de la Universidad del Valle; en 2007 gan\u00f3 una Beca de la Fundaci\u00f3n Carolina para cursar el Master en Gui\u00f3n de Cine y Televisi\u00f3n en la Universidad Carlos III de Madrid (Espa\u00f1a); en 2005 dirigi\u00f3 el documental Silo-v\u00e9 Un Ni\u00f1o (ganador Concurso Ojos Nuevos), se desempe\u00f1\u00f3 como foto fija en la pel\u00edcula El vuelco del cangrejo (Premio Fispreci Berlinale 2010), como asistente de direcci\u00f3n en La Sirga (Quincena de Realizadores, Cannes 2012) y como co-director con \u00c1ngela Osorio del documental Retrato de un tiempo de hongos sobre la pel\u00edcula Los Hongos (Premio Especial del Jurado, Locarno 2014); actualmente es docente del programa de Cine y Comunicaci\u00f3n Digital de la Universidad Aut\u00f3noma de Occidente.<\/p>\n<p>Estos comunicadores han trabajado juntos en proyectos enfocados hacia el g\u00e9nero documental, relacionados con la cultura afrocolombiana, en trabajos como Un nombre para desplazado (2003), Viaje de Tambores (2003) y Oro Pac\u00edfico (2015).<\/p>\n<p>Fuente: Agencia de Noticia Univalle<\/p>\n","protected":false},"excerpt":{"rendered":"<p>Siembra, opera prima de los egresados de Comunicaci\u00f3n Social de la Universidad del Valle \u00c1ngela Osorio y Santiago Lozano, fue seleccionada para hacer parte del Festival de Cine de Locarno, Suiza. Esta pel\u00edcula har\u00e1 parte de la secci\u00f3n \u201cCineastas del Presente\u201d. Es el \u00fanico largometraje que representar\u00e1 a Colombia en[&#8230;]<\/p>\n","protected":false},"author":1,"featured_media":5465,"comment_status":"open","ping_status":"open","sticky":false,"template":"","format":"standard","meta":{"footnotes":""},"categories":[4],"tags":[],"_links":{"self":[{"href":"https:\/\/emisora.univalle.edu.co\/index.php\/wp-json\/wp\/v2\/posts\/5469"}],"collection":[{"href":"https:\/\/emisora.univalle.edu.co\/index.php\/wp-json\/wp\/v2\/posts"}],"about":[{"href":"https:\/\/emisora.univalle.edu.co\/index.php\/wp-json\/wp\/v2\/types\/post"}],"author":[{"embeddable":true,"href":"https:\/\/emisora.univalle.edu.co\/index.php\/wp-json\/wp\/v2\/users\/1"}],"replies":[{"embeddable":true,"href":"https:\/\/emisora.univalle.edu.co\/index.php\/wp-json\/wp\/v2\/comments?post=5469"}],"version-history":[{"count":1,"href":"https:\/\/emisora.univalle.edu.co\/index.php\/wp-json\/wp\/v2\/posts\/5469\/revisions"}],"predecessor-version":[{"id":5470,"href":"https:\/\/emisora.univalle.edu.co\/index.php\/wp-json\/wp\/v2\/posts\/5469\/revisions\/5470"}],"wp:featuredmedia":[{"embeddable":true,"href":"https:\/\/emisora.univalle.edu.co\/index.php\/wp-json\/wp\/v2\/media\/5465"}],"wp:attachment":[{"href":"https:\/\/emisora.univalle.edu.co\/index.php\/wp-json\/wp\/v2\/media?parent=5469"}],"wp:term":[{"taxonomy":"category","embeddable":true,"href":"https:\/\/emisora.univalle.edu.co\/index.php\/wp-json\/wp\/v2\/categories?post=5469"},{"taxonomy":"post_tag","embeddable":true,"href":"https:\/\/emisora.univalle.edu.co\/index.php\/wp-json\/wp\/v2\/tags?post=5469"}],"curies":[{"name":"wp","href":"https:\/\/api.w.org\/{rel}","templated":true}]}}