{"id":5471,"date":"2015-07-16T15:16:51","date_gmt":"2015-07-16T20:16:51","guid":{"rendered":"https:\/\/emisora.univalle.edu.co\/\/?p=5471"},"modified":"2015-07-16T15:16:51","modified_gmt":"2015-07-16T20:16:51","slug":"lanzan-2a-bienal-internacional-de-danza-de-cali","status":"publish","type":"post","link":"https:\/\/emisora.univalle.edu.co\/index.php\/lanzan-2a-bienal-internacional-de-danza-de-cali\/","title":{"rendered":"Lanzan 2\u00aa Bienal Internacional de Danza de Cali"},"content":{"rendered":"<p><span style=\"line-height: 1.5em;\">La 2\u00aa Bienal Internacional de Danza de Cali ser\u00e1 presentada a\u00a0 los medios de comunicaci\u00f3n este martes 21 de julio, en el Teatrino del Teatro Municipal, a partir de las 10:00 a.m. hasta las 11:00 a.m.<\/span><\/p>\n<p>En el evento se presentar\u00e1 la imagen para esta segunda edici\u00f3n de la Bienal, adem\u00e1s de la programaci\u00f3n y el cronograma de actividades que se\u00a0 tendr\u00e1n en\u00a0 la ciudad de Cali, del 6 al 14 de noviembre de 2015.<\/p>\n<p>El lanzamiento contar\u00e1 con la presencia\u00a0 de la ministra de Cultura, Mariana Garc\u00e9s C\u00f3rdoba, el alcalde de Santiago de Cali, Rodrigo Guerrero Velasco, la secretaria de Cultura y Turismo Municipal, Mar\u00eda Helena Qui\u00f1onez Salcedo, y la presidenta de Proartes, Amparo Sinisterra de Carvajal.<\/p>\n<p>La 2\u00aa Bienal Internacional de Danza contar\u00e1 con m\u00e1s de 800 bailarines, 30 funciones en 8 d\u00edas de danza y movimiento en Cali, convirti\u00e9ndose sin duda alguna en una referencia obligada para propios y extranjeros.<\/p>\n<p>En este mismo\u00a0 evento se\u00a0 lanzar\u00e1 el\u00a0 plan de abonos de la segunda bienal.<\/p>\n<p>Mayores informes:<\/p>\n<p>Carlos Augusto Alb\u00e1n<\/p>\n<p>315 4842113<\/p>\n<p>Quijote Comunicaci\u00f3n Estrat\u00e9gica<\/p>\n<p>317 4330489 \/ 8835869<\/p>\n<p>Fuente: Comunicaciones Alcald\u00eda<\/p>\n","protected":false},"excerpt":{"rendered":"<p>La 2\u00aa Bienal Internacional de Danza de Cali ser\u00e1 presentada a\u00a0 los medios de comunicaci\u00f3n este martes 21 de julio, en el Teatrino del Teatro Municipal, a partir de las 10:00 a.m. hasta las 11:00 a.m. En el evento se presentar\u00e1 la imagen para esta segunda edici\u00f3n de la Bienal,[&#8230;]<\/p>\n","protected":false},"author":1,"featured_media":5464,"comment_status":"open","ping_status":"open","sticky":false,"template":"","format":"standard","meta":{"footnotes":""},"categories":[4],"tags":[],"_links":{"self":[{"href":"https:\/\/emisora.univalle.edu.co\/index.php\/wp-json\/wp\/v2\/posts\/5471"}],"collection":[{"href":"https:\/\/emisora.univalle.edu.co\/index.php\/wp-json\/wp\/v2\/posts"}],"about":[{"href":"https:\/\/emisora.univalle.edu.co\/index.php\/wp-json\/wp\/v2\/types\/post"}],"author":[{"embeddable":true,"href":"https:\/\/emisora.univalle.edu.co\/index.php\/wp-json\/wp\/v2\/users\/1"}],"replies":[{"embeddable":true,"href":"https:\/\/emisora.univalle.edu.co\/index.php\/wp-json\/wp\/v2\/comments?post=5471"}],"version-history":[{"count":1,"href":"https:\/\/emisora.univalle.edu.co\/index.php\/wp-json\/wp\/v2\/posts\/5471\/revisions"}],"predecessor-version":[{"id":5472,"href":"https:\/\/emisora.univalle.edu.co\/index.php\/wp-json\/wp\/v2\/posts\/5471\/revisions\/5472"}],"wp:featuredmedia":[{"embeddable":true,"href":"https:\/\/emisora.univalle.edu.co\/index.php\/wp-json\/wp\/v2\/media\/5464"}],"wp:attachment":[{"href":"https:\/\/emisora.univalle.edu.co\/index.php\/wp-json\/wp\/v2\/media?parent=5471"}],"wp:term":[{"taxonomy":"category","embeddable":true,"href":"https:\/\/emisora.univalle.edu.co\/index.php\/wp-json\/wp\/v2\/categories?post=5471"},{"taxonomy":"post_tag","embeddable":true,"href":"https:\/\/emisora.univalle.edu.co\/index.php\/wp-json\/wp\/v2\/tags?post=5471"}],"curies":[{"name":"wp","href":"https:\/\/api.w.org\/{rel}","templated":true}]}}