{"id":5473,"date":"2015-07-16T15:18:44","date_gmt":"2015-07-16T20:18:44","guid":{"rendered":"https:\/\/emisora.univalle.edu.co\/\/?p=5473"},"modified":"2015-07-16T15:18:44","modified_gmt":"2015-07-16T20:18:44","slug":"metrocali-activa-plan-de-contingencia-por-bloqueos-en-patio-de-unimetro","status":"publish","type":"post","link":"https:\/\/emisora.univalle.edu.co\/index.php\/metrocali-activa-plan-de-contingencia-por-bloqueos-en-patio-de-unimetro\/","title":{"rendered":"Metrocali activa plan de contingencia, por bloqueos en patio de Unimetro"},"content":{"rendered":"<p><span style=\"line-height: 1.5em;\">Metrocali activ\u00f3 el plan de contingencia estipulado para cuando se presentan casos como en el que aproximadamente 40 trabajadores de la empresa Unimetro, desde tempranas horas de la ma\u00f1ana, bloquearon el Patio Taller, por diferencias con las\u00a0 directivas de dicha empresa, sin permitir la salida de 131 buses.<\/span><\/p>\n<p>Desde el Centro de Control de Metrocali se debi\u00f3 suspender temporalmente seis rutas del MIO. Las dem\u00e1s empresas concesionarias apoyaron la contingencia con flota de reserva y operadores.<\/p>\n<p>Las rutas que fueron suspendidas temporalmente, son rutas que refuerzan el servicio de otras, por esta raz\u00f3n los usuarios han podido movilizarse en las dem\u00e1s rutas del Sistema.<\/p>\n<p>Rutas suspendidas temporalmente:<\/p>\n<p>&#8211;\u00a0\u00a0\u00a0\u00a0\u00a0 Ruta E37, la cual es refuerzo de las rutas troncales T31 y E31.<\/p>\n<p>&#8211;\u00a0\u00a0\u00a0\u00a0\u00a0\u00a0 Ruta A41B, la cual es refuerzo de la ruta alimentadora A41A.<\/p>\n<p>&#8211;\u00a0\u00a0\u00a0\u00a0\u00a0\u00a0 Ruta A42B, la cual es refuerzo de la ruta alimentadora A42A.<\/p>\n<p>&#8211;\u00a0\u00a0\u00a0\u00a0\u00a0\u00a0 Ruta A45B, la cual es refuerzo de la ruta pretroncal P40A.<\/p>\n<p>&#8211;\u00a0\u00a0\u00a0 Ruta\u00a0 A87 que se dirige hacia el Sena Oriente, los usuarios pueden abordar la ruta A85 que tiene el mismo destino.<\/p>\n<p>&#8211;\u00a0\u00a0\u00a0\u00a0\u00a0 Ruta A52 hacia el Hospital Isa\u00edas Duarte Cancino.<\/p>\n<p>Metrocali rechaza en\u00e9rgicamente este tipo de acciones que afectan la movilidad de la ciudadan\u00eda cale\u00f1a.<\/p>\n<p>Asimismo, la empresa gestora del MIO, indica que ante este hecho de incumplimiento en la prestaci\u00f3n del servicio por parte del operador, iniciar\u00e1 las actuaciones contractuales.<\/p>\n<p>Fuente: Comunicaciones Alcald\u00eda<\/p>\n","protected":false},"excerpt":{"rendered":"<p>Metrocali activ\u00f3 el plan de contingencia estipulado para cuando se presentan casos como en el que aproximadamente 40 trabajadores de la empresa Unimetro, desde tempranas horas de la ma\u00f1ana, bloquearon el Patio Taller, por diferencias con las\u00a0 directivas de dicha empresa, sin permitir la salida de 131 buses. Desde el[&#8230;]<\/p>\n","protected":false},"author":1,"featured_media":5466,"comment_status":"open","ping_status":"open","sticky":false,"template":"","format":"standard","meta":{"footnotes":""},"categories":[4],"tags":[],"_links":{"self":[{"href":"https:\/\/emisora.univalle.edu.co\/index.php\/wp-json\/wp\/v2\/posts\/5473"}],"collection":[{"href":"https:\/\/emisora.univalle.edu.co\/index.php\/wp-json\/wp\/v2\/posts"}],"about":[{"href":"https:\/\/emisora.univalle.edu.co\/index.php\/wp-json\/wp\/v2\/types\/post"}],"author":[{"embeddable":true,"href":"https:\/\/emisora.univalle.edu.co\/index.php\/wp-json\/wp\/v2\/users\/1"}],"replies":[{"embeddable":true,"href":"https:\/\/emisora.univalle.edu.co\/index.php\/wp-json\/wp\/v2\/comments?post=5473"}],"version-history":[{"count":1,"href":"https:\/\/emisora.univalle.edu.co\/index.php\/wp-json\/wp\/v2\/posts\/5473\/revisions"}],"predecessor-version":[{"id":5474,"href":"https:\/\/emisora.univalle.edu.co\/index.php\/wp-json\/wp\/v2\/posts\/5473\/revisions\/5474"}],"wp:featuredmedia":[{"embeddable":true,"href":"https:\/\/emisora.univalle.edu.co\/index.php\/wp-json\/wp\/v2\/media\/5466"}],"wp:attachment":[{"href":"https:\/\/emisora.univalle.edu.co\/index.php\/wp-json\/wp\/v2\/media?parent=5473"}],"wp:term":[{"taxonomy":"category","embeddable":true,"href":"https:\/\/emisora.univalle.edu.co\/index.php\/wp-json\/wp\/v2\/categories?post=5473"},{"taxonomy":"post_tag","embeddable":true,"href":"https:\/\/emisora.univalle.edu.co\/index.php\/wp-json\/wp\/v2\/tags?post=5473"}],"curies":[{"name":"wp","href":"https:\/\/api.w.org\/{rel}","templated":true}]}}