{"id":5487,"date":"2015-07-17T15:38:15","date_gmt":"2015-07-17T20:38:15","guid":{"rendered":"https:\/\/emisora.univalle.edu.co\/\/?p=5487"},"modified":"2015-07-17T15:38:15","modified_gmt":"2015-07-17T20:38:15","slug":"gobierno-nacional-elogia-cali-por-fomentar-la-educacion-desde-la-primera-infancia","status":"publish","type":"post","link":"https:\/\/emisora.univalle.edu.co\/index.php\/gobierno-nacional-elogia-cali-por-fomentar-la-educacion-desde-la-primera-infancia\/","title":{"rendered":"Gobierno Nacional elogia a Cali por fomentar la educaci\u00f3n desde la primera infancia"},"content":{"rendered":"<p><span style=\"line-height: 1.5em;\">La ministra de Educaci\u00f3n, Gina Parodi, resalt\u00f3 este jueves en el Inem Jorge Isaacs en Cali, que la Administraci\u00f3n Municipal ha sido una de las grandes aliadas de la cartera a su cargo.<\/span><\/p>\n<p>La representante del alto Gobierno argument\u00f3 que el lanzamiento de la campa\u00f1a \u2018Orientaciones de pol\u00edtica para la promoci\u00f3n de transiciones arm\u00f3nicas de las ni\u00f1as y ni\u00f1os en el entorno educativo\u2019 \u201cse hizo en Cali no por capricho, sino en reconocimiento a ese esfuerzo que las autoridades municipales en cabeza del alcalde Rodrigo Guerrero Velasco han hecho desde hace varios a\u00f1os en el tema de la primera infancia y el plano educativo, propendiendo por mejores entornos y oportunidades para los ni\u00f1os y j\u00f3venes\u201d.<\/p>\n<p>Ante un auditorio colmado de maestros y directivos docentes, la funcionaria enfatiz\u00f3 que este compromiso se orienta hacia la consolidaci\u00f3n de los objetivos para hacer un nuevo pa\u00eds, desde metas como son la paz, con equidad y que Colombia sea la m\u00e1s educada de Am\u00e9rica Latina en 2020.<\/p>\n<p>De igual manera, dijo: \u201cQuien analiza estos tres pilares se da cuenta que la gran tarea para obtener la paz y la equidad depende del sector educativo y sus instituciones educativas, anotando que la equidad hace referencia a que un ni\u00f1o pueda definir su futuro, independientemente del lugar donde nace, lo que hoy d\u00eda no se da en el pa\u00eds\u201d.<\/p>\n<p>A su turno, el mandatario de los cale\u00f1os, Rodrigo Guerrero Velasco, indic\u00f3 que esta clase de esfuerzos buscan disminuir la brecha en la educaci\u00f3n para que las oportunidades sean iguales para unos y otros.<\/p>\n<p>\u201cPara nosotros, desde estos conversatorios con los maestros, es de mucho relieve brindar estos apoyos para que la transici\u00f3n desde los Centros de Desarrollo Infantil hacia el primer a\u00f1o escolar no registre deserciones porque se ingresa a un ambiente distinto, de lo contrario volver a reenganchar al ni\u00f1o es muy dif\u00edcil\u201d, precis\u00f3.<\/p>\n<p>El m\u00e9dico Rodrigo Guerrero\u00a0 manifest\u00f3 que \u201cen Cali estamos trabajando muy duro para que el proceso educativo sea firme desde el principio, de ah\u00ed que hemos aumentado a 17 el n\u00famero de CDI (Centro de Desarrollo Infantil), sino que estamos capacitando a rectores y profesores para que sepan hacer una transici\u00f3n eficaz y que no produzca deserciones\u201d.<\/p>\n<p>Entre tanto, al recapitular en esta socializaci\u00f3n, la ministra de Educaci\u00f3n, Gina Parodi, confirm\u00f3 que en Colombia 7778 ni\u00f1os desertan en transici\u00f3n, lo que representa el 3,25 %, frente al 2,83 % que lo hace en primaria y quienes m\u00e1s repiten a\u00f1o escolar son aquellos infantes que pasan de preescolar al grado primero, con un 2.72%.<\/p>\n<p>Adem\u00e1s, se tiene detectado que el 30 % de los menores que est\u00e1 en transici\u00f3n tiene 4 o menos a\u00f1os de edad y el 45 % que est\u00e1 en primero de primaria tiene 5 a\u00f1os o menos.<\/p>\n<p>\u201cFrente a estos datos es importante entonces eliminar inequidades desde el ingreso de los ni\u00f1os al sistema educativo, siendo esto importante porque ah\u00ed es donde est\u00e1n los futuros pilos del pa\u00eds, por tanto, necesitamos generaciones seguras, aut\u00f3nomas e inteligentes que amen estudiar y que sean constructoras de paz\u201d, concluy\u00f3 la ministra.<\/p>\n<p>Fuente: Comunicaciones Alcald\u00eda<\/p>\n","protected":false},"excerpt":{"rendered":"<p>La ministra de Educaci\u00f3n, Gina Parodi, resalt\u00f3 este jueves en el Inem Jorge Isaacs en Cali, que la Administraci\u00f3n Municipal ha sido una de las grandes aliadas de la cartera a su cargo. La representante del alto Gobierno argument\u00f3 que el lanzamiento de la campa\u00f1a \u2018Orientaciones de pol\u00edtica para la[&#8230;]<\/p>\n","protected":false},"author":1,"featured_media":5484,"comment_status":"open","ping_status":"open","sticky":false,"template":"","format":"standard","meta":{"footnotes":""},"categories":[4],"tags":[],"_links":{"self":[{"href":"https:\/\/emisora.univalle.edu.co\/index.php\/wp-json\/wp\/v2\/posts\/5487"}],"collection":[{"href":"https:\/\/emisora.univalle.edu.co\/index.php\/wp-json\/wp\/v2\/posts"}],"about":[{"href":"https:\/\/emisora.univalle.edu.co\/index.php\/wp-json\/wp\/v2\/types\/post"}],"author":[{"embeddable":true,"href":"https:\/\/emisora.univalle.edu.co\/index.php\/wp-json\/wp\/v2\/users\/1"}],"replies":[{"embeddable":true,"href":"https:\/\/emisora.univalle.edu.co\/index.php\/wp-json\/wp\/v2\/comments?post=5487"}],"version-history":[{"count":1,"href":"https:\/\/emisora.univalle.edu.co\/index.php\/wp-json\/wp\/v2\/posts\/5487\/revisions"}],"predecessor-version":[{"id":5488,"href":"https:\/\/emisora.univalle.edu.co\/index.php\/wp-json\/wp\/v2\/posts\/5487\/revisions\/5488"}],"wp:featuredmedia":[{"embeddable":true,"href":"https:\/\/emisora.univalle.edu.co\/index.php\/wp-json\/wp\/v2\/media\/5484"}],"wp:attachment":[{"href":"https:\/\/emisora.univalle.edu.co\/index.php\/wp-json\/wp\/v2\/media?parent=5487"}],"wp:term":[{"taxonomy":"category","embeddable":true,"href":"https:\/\/emisora.univalle.edu.co\/index.php\/wp-json\/wp\/v2\/categories?post=5487"},{"taxonomy":"post_tag","embeddable":true,"href":"https:\/\/emisora.univalle.edu.co\/index.php\/wp-json\/wp\/v2\/tags?post=5487"}],"curies":[{"name":"wp","href":"https:\/\/api.w.org\/{rel}","templated":true}]}}