{"id":5489,"date":"2015-07-17T15:39:16","date_gmt":"2015-07-17T20:39:16","guid":{"rendered":"https:\/\/emisora.univalle.edu.co\/\/?p=5489"},"modified":"2015-07-17T15:39:16","modified_gmt":"2015-07-17T20:39:16","slug":"consejo-de-estado-da-via-al-reinicio-de-la-recuperacion-del-jarillon-del-cauca","status":"publish","type":"post","link":"https:\/\/emisora.univalle.edu.co\/index.php\/consejo-de-estado-da-via-al-reinicio-de-la-recuperacion-del-jarillon-del-cauca\/","title":{"rendered":"Consejo de Estado da v\u00eda al reinicio de la recuperaci\u00f3n del jarill\u00f3n del Cauca"},"content":{"rendered":"<p><span style=\"line-height: 1.5em;\">La Administraci\u00f3n Municipal recibi\u00f3 con benepl\u00e1cito que el Consejo de Estado levantara la medida cautelar decretada en el auto del 11 de junio de 2015, donde ordenaba suspender el desalojo de familias en riesgo en el jarill\u00f3n del r\u00edo Cauca.<\/span><\/p>\n<p>El director Jur\u00eddico, Carlos Humberto S\u00e1nchez Llanos, se mostr\u00f3 complacido al saber que el Consejo de Estado acept\u00f3 los argumentos expuestos por la Administraci\u00f3n Municipal.<\/p>\n<p>\u201cUna vez m\u00e1s el m\u00e1ximo \u00f3rgano judicial se ha pronunciado y nos da la raz\u00f3n. Este es un triunfo de toda la ciudadan\u00eda cale\u00f1a porque garantiza el avance del Plan Jarill\u00f3n, un proyecto ordenado por una juez constitucional, el cual salvaguarda los intereses de las personas que habitan en el oriente de Cali\u201d, se\u00f1al\u00f3 el director Jur\u00eddico.<\/p>\n<p>A\u00f1adi\u00f3 que la Administraci\u00f3n Municipal seguir\u00e1 adelante con la reubicaci\u00f3n de las personas que se encuentran en estado de vulnerabilidad, reubic\u00e1ndolas para que tengan mejores condiciones de vida.<\/p>\n<p>\u201cVamos a poder ejecutar el presupuesto de vigencia futuras aprobado por el Concejo de Cali, al igual que el presupuesto destinado por Emcali, la CVC y los $800.000 millones que otorg\u00f3 la naci\u00f3n para este importante proyecto de ciudad\u201d, concluy\u00f3.<\/p>\n<p>La demandante argumentaba que el Juzgado Primero Administrativo del Valle del Cauca y el Tribunal Administrativo del Valle del Cauca incurrieron en violaci\u00f3n del debido proceso y le impidieron acceder a la administraci\u00f3n de justicia, porque no hab\u00eda sido vinculada a la acci\u00f3n popular.<\/p>\n<p>Se\u00f1al\u00f3 el Consejo de Estado que no se puede endilgar a los Jueces Constitucionales la omisi\u00f3n de vincular a la actora al proceso.<\/p>\n<p>\u201cEllo supondr\u00eda el absurdo deber de tener que vincular a todas las personas naturales y jur\u00eddicas circunvecinas del jarill\u00f3n del r\u00edo Cauca, en raz\u00f3n a que en mayor o menor medida todas ellas, a trav\u00e9s de actividades cotidianas, contribuyen en la generaci\u00f3n de riesgos para la poblaci\u00f3n de Cali, pues tal exigencia prolongar\u00eda los litigios de manera indefinida, comprometiendo por consiguiente, los derechos e intereses colectivos\u201d, se\u00f1ala el Consejo de Estado en el fallo.<\/p>\n<p>Fuente: Comunicaciones Alcald\u00eda<\/p>\n","protected":false},"excerpt":{"rendered":"<p>La Administraci\u00f3n Municipal recibi\u00f3 con benepl\u00e1cito que el Consejo de Estado levantara la medida cautelar decretada en el auto del 11 de junio de 2015, donde ordenaba suspender el desalojo de familias en riesgo en el jarill\u00f3n del r\u00edo Cauca. El director Jur\u00eddico, Carlos Humberto S\u00e1nchez Llanos, se mostr\u00f3 complacido[&#8230;]<\/p>\n","protected":false},"author":1,"featured_media":5486,"comment_status":"open","ping_status":"open","sticky":false,"template":"","format":"standard","meta":{"footnotes":""},"categories":[4],"tags":[],"_links":{"self":[{"href":"https:\/\/emisora.univalle.edu.co\/index.php\/wp-json\/wp\/v2\/posts\/5489"}],"collection":[{"href":"https:\/\/emisora.univalle.edu.co\/index.php\/wp-json\/wp\/v2\/posts"}],"about":[{"href":"https:\/\/emisora.univalle.edu.co\/index.php\/wp-json\/wp\/v2\/types\/post"}],"author":[{"embeddable":true,"href":"https:\/\/emisora.univalle.edu.co\/index.php\/wp-json\/wp\/v2\/users\/1"}],"replies":[{"embeddable":true,"href":"https:\/\/emisora.univalle.edu.co\/index.php\/wp-json\/wp\/v2\/comments?post=5489"}],"version-history":[{"count":1,"href":"https:\/\/emisora.univalle.edu.co\/index.php\/wp-json\/wp\/v2\/posts\/5489\/revisions"}],"predecessor-version":[{"id":5490,"href":"https:\/\/emisora.univalle.edu.co\/index.php\/wp-json\/wp\/v2\/posts\/5489\/revisions\/5490"}],"wp:featuredmedia":[{"embeddable":true,"href":"https:\/\/emisora.univalle.edu.co\/index.php\/wp-json\/wp\/v2\/media\/5486"}],"wp:attachment":[{"href":"https:\/\/emisora.univalle.edu.co\/index.php\/wp-json\/wp\/v2\/media?parent=5489"}],"wp:term":[{"taxonomy":"category","embeddable":true,"href":"https:\/\/emisora.univalle.edu.co\/index.php\/wp-json\/wp\/v2\/categories?post=5489"},{"taxonomy":"post_tag","embeddable":true,"href":"https:\/\/emisora.univalle.edu.co\/index.php\/wp-json\/wp\/v2\/tags?post=5489"}],"curies":[{"name":"wp","href":"https:\/\/api.w.org\/{rel}","templated":true}]}}