{"id":5491,"date":"2015-07-17T15:40:06","date_gmt":"2015-07-17T20:40:06","guid":{"rendered":"https:\/\/emisora.univalle.edu.co\/\/?p=5491"},"modified":"2015-07-17T15:40:06","modified_gmt":"2015-07-17T20:40:06","slug":"cali-celebra-independencia-de-colombia-con-desfile-militar-este-20-de-julio","status":"publish","type":"post","link":"https:\/\/emisora.univalle.edu.co\/index.php\/cali-celebra-independencia-de-colombia-con-desfile-militar-este-20-de-julio\/","title":{"rendered":"Cali celebra independencia de Colombia con desfile militar, este 20 de julio"},"content":{"rendered":"<p><span style=\"line-height: 1.5em;\">Dentro del marco de la celebraci\u00f3n de los 205 a\u00f1os del Grito de Independencia, y siendo Cali la primera ciudad en emanciparse, el Comando Conjunto No. 2 \u2018Sur Occidente\u2019 se une a esta fecha, con la presentaci\u00f3n de un desfile militar este lunes 20 de julio, a las 9:00 de la ma\u00f1ana, en la capital del Valle del Cauca.<\/span><\/p>\n<p>En un recorrido de 2,9 km, comprendido entre las carreras 44 y 66 de la autopista Suroriental, los habitantes de la Sultana del Valle podr\u00e1n disfrutar de un imponente desfile con m\u00e1s de 1000 integrantes de las Fuerzas Armadas,\u00a0 Fuerza A\u00e9rea y las fuerzas vivas de la ciudad que participar\u00e1n en este magno evento.<\/p>\n<p>La conmemoraci\u00f3n de esta efem\u00e9ride se constituye en un acontecimiento importante para rendir un sentido homenaje de gratitud a la memoria de aquellos legendarios h\u00e9roes que forjaron con inmenso sacrificio y devoci\u00f3n, la libertad de la patria, siendo propicio revivir dichos sentimientos y los s\u00edmbolos de la nacionalidad.<\/p>\n<p>Para esta parada militar, las tropas del Comando Conjunto No. 2 \u2018Sur Occidente\u2019, al mando del mayor general Henry Torres Escalante, han dispuesto bloques con\u00a0 representantes de las diferentes\u00a0\u00a0 especialidades que conforman el Ej\u00e9rcito Nacional; por eso en el desfile llamado \u2018D\u00eda de la Independencia Nacional\u2019 har\u00e1n aparici\u00f3n soldados de infanter\u00eda, artiller\u00eda, polic\u00eda militar, ingenieros militares, unidades de fuerzas especiales, alta monta\u00f1a y combate terrestre.<\/p>\n<p>De igual forma, los cale\u00f1os podr\u00e1n observar al Gaula del Ej\u00e9rcito, el Grupo de Caninos y los ca\u00f1ones de artiller\u00eda, as\u00ed como un bloque de la Armada Nacional, Fuerza A\u00e9rea, bloques de la Polic\u00eda Nacional y representantes de las entidades de gobierno que coadyuvan a la seguridad de la capital vallecaucana.<\/p>\n<p>El mayor general Henry Torres Escalante invita cordialmente a toda la ciudadan\u00eda a asistir en forma masiva a este evento, que tendr\u00e1 recorrido abierto a todo el p\u00fablico, con el fin de rendirle tributo a los h\u00e9roes de la patria, a sus Fuerzas Militares y de Polic\u00eda en esta fecha y especialmente para Santiago de Cali como ciudad confederada, precursora de la independencia.<\/p>\n<p>Fuente: Comunicaciones Alcald\u00eda<\/p>\n","protected":false},"excerpt":{"rendered":"<p>Dentro del marco de la celebraci\u00f3n de los 205 a\u00f1os del Grito de Independencia, y siendo Cali la primera ciudad en emanciparse, el Comando Conjunto No. 2 \u2018Sur Occidente\u2019 se une a esta fecha, con la presentaci\u00f3n de un desfile militar este lunes 20 de julio, a las 9:00 de[&#8230;]<\/p>\n","protected":false},"author":1,"featured_media":5483,"comment_status":"open","ping_status":"open","sticky":false,"template":"","format":"standard","meta":{"footnotes":""},"categories":[4],"tags":[],"_links":{"self":[{"href":"https:\/\/emisora.univalle.edu.co\/index.php\/wp-json\/wp\/v2\/posts\/5491"}],"collection":[{"href":"https:\/\/emisora.univalle.edu.co\/index.php\/wp-json\/wp\/v2\/posts"}],"about":[{"href":"https:\/\/emisora.univalle.edu.co\/index.php\/wp-json\/wp\/v2\/types\/post"}],"author":[{"embeddable":true,"href":"https:\/\/emisora.univalle.edu.co\/index.php\/wp-json\/wp\/v2\/users\/1"}],"replies":[{"embeddable":true,"href":"https:\/\/emisora.univalle.edu.co\/index.php\/wp-json\/wp\/v2\/comments?post=5491"}],"version-history":[{"count":1,"href":"https:\/\/emisora.univalle.edu.co\/index.php\/wp-json\/wp\/v2\/posts\/5491\/revisions"}],"predecessor-version":[{"id":5492,"href":"https:\/\/emisora.univalle.edu.co\/index.php\/wp-json\/wp\/v2\/posts\/5491\/revisions\/5492"}],"wp:featuredmedia":[{"embeddable":true,"href":"https:\/\/emisora.univalle.edu.co\/index.php\/wp-json\/wp\/v2\/media\/5483"}],"wp:attachment":[{"href":"https:\/\/emisora.univalle.edu.co\/index.php\/wp-json\/wp\/v2\/media?parent=5491"}],"wp:term":[{"taxonomy":"category","embeddable":true,"href":"https:\/\/emisora.univalle.edu.co\/index.php\/wp-json\/wp\/v2\/categories?post=5491"},{"taxonomy":"post_tag","embeddable":true,"href":"https:\/\/emisora.univalle.edu.co\/index.php\/wp-json\/wp\/v2\/tags?post=5491"}],"curies":[{"name":"wp","href":"https:\/\/api.w.org\/{rel}","templated":true}]}}