{"id":5493,"date":"2015-07-17T15:43:39","date_gmt":"2015-07-17T20:43:39","guid":{"rendered":"https:\/\/emisora.univalle.edu.co\/\/?p=5493"},"modified":"2015-07-17T15:43:39","modified_gmt":"2015-07-17T20:43:39","slug":"mincultura-entrega-nuevos-y-mejores-espacios-para-el-arte-y-la-cultura-en-el-valle-del-cauca","status":"publish","type":"post","link":"https:\/\/emisora.univalle.edu.co\/index.php\/mincultura-entrega-nuevos-y-mejores-espacios-para-el-arte-y-la-cultura-en-el-valle-del-cauca\/","title":{"rendered":"MinCultura entrega nuevos y mejores espacios para el arte y la cultura en el Valle del Cauca"},"content":{"rendered":"<p style=\"text-align: left;\" align=\"center\"><span style=\"line-height: 1.5em;\">Con una inversi\u00f3n de $7.339 millones, Guacar\u00ed, Yotoco y Cali contar\u00e1n con nuevos y mejores espacios para la creaci\u00f3n art\u00edstica y el conocimiento. Ministra de Cultura Mariana Garc\u00e9s C\u00f3rdoba inici\u00f3 las entregas el 16 de julio y terminar\u00e1 su recorrido por el Valle en la Comuna 18.<\/span><\/p>\n<p>\u00a0La Ministra de Cultura, Mariana Garc\u00e9s C\u00f3rdoba realizar\u00e1 la entrega de la rehabilitaci\u00f3n de la casa de cultura y la Biblioteca del municipio de Guacar\u00ed, as\u00ed como de la escuela de m\u00fasica de Yotoco\u00a0 y el Parque Lineal de la Comuna 18 de la ciudad de Cali. Las entregas hacen parte de los esfuerzos que viene adelantando el Ministerio de Cultura en procura de que todos los colombianos cuenten con mejores espacios para la creaci\u00f3n art\u00edstica, la pr\u00e1ctica de actividades culturales y el acceso a colecciones bibliogr\u00e1ficas por parte de ni\u00f1os, j\u00f3venes y adultos.<\/p>\n<p>\u201cEstos espacios le devuelven a los municipios una vitalidad cultural importante, porque son lugares adecuados para la pr\u00e1ctica de actividades art\u00edsticas y dan la posibilidad a ni\u00f1os y j\u00f3venes en condiciones de vulnerabilidad de que tengan acceso a una educaci\u00f3n integral a trav\u00e9s de la cultura. La infraestructura que se otorga con estos espacios son el verdadero camino hacia la paz\u201d, asegura la Ministra de Cultura Mariana Garc\u00e9s C\u00f3rdoba.<\/p>\n<p>El\u00a0 jueves 16 de julio, realizar\u00f3 las entregas de las rehabilitaciones de la biblioteca y la casa de cultura del municipio de Guacar\u00ed beneficiando a 31 mil personas aproximadamente. Los inmuebles fueron intervenidos por el proyecto Espacios de Vida, una iniciativa de Colombia Humanitaria y el Ministerio de Cultura.<\/p>\n<p>En la casa de cultura se realiz\u00f3 una inversi\u00f3n de $2.630 millones, donde se adelantaron trabajos de reforzamiento estructural con los par\u00e1metros de la norma de sismo resistencia NSR1O,\u00a0 pilotes de refuerzo en la zona de la casa antigua para formar el volumen del segundo piso, ampliaci\u00f3n del segundo nivel en la casa antigua, un elevador para personas con movilidad reducida, actualizaci\u00f3n de las redes el\u00e9ctricas e iluminaci\u00f3n cumpliendo a la normativa vigente; cambio total de estructura de cubierta, tejas, pisos, bater\u00edas sanitarias para personas con movilidad reducida, carpinter\u00eda en madera y met\u00e1lica.<\/p>\n<p>De igual forma, este espacio cultural contar\u00e1 con un sal\u00f3n m\u00faltiple para exposiciones, salas de danza, m\u00fasica y un auditorio con acondicionamiento ac\u00fastico. As\u00ed mismo, tendr\u00e1 un espacio para una biblioteca, aulas, cafeter\u00eda y la zona administrativa en el primer nivel. La casa de cultura recibi\u00f3 una completa dotaci\u00f3n de instrumentos musicales y mobiliario.<\/p>\n<p>Con una inversi\u00f3n de $299 millones, a la Biblioteca de Guacar\u00ed se le realizaron obras de reforzamiento estructural, cambio de redes el\u00e9ctricas e hidrosanitarias, acondicionamiento bioclim\u00e1tico, cambio en la mamposter\u00eda, pisos y fachada.\u00a0 Tambi\u00e9n se adecuaron accesos (rampas) para la circulaci\u00f3n de personas en situaci\u00f3n de movilidad reducida y se cambi\u00f3 la estructura met\u00e1lica del soporte de la cubierta.<\/p>\n<p>El recorrido de las inauguraciones continuar\u00e1 en el municipio de Yotoco, a las 11:30 a.m., con la entrega de la Escuela M\u00fasica ubicada en la carrera 5 No. 4 &#8211; 50, del barrio Centenario de esta poblaci\u00f3n del Valle del Cauca. La escuela, cuya inversi\u00f3n supera los $2.075 millones, fue dotada con instrumentos musicales de banda de viento, su auditorio principal cuenta con equipos de audio, sonido, video, sillas y tarima m\u00f3vil. As\u00ed mismo las aulas de ensayo se entregar\u00e1n dotadas de mobiliario y una completa\u00a0 y amplia zona administrativa.<\/p>\n<p>La Ministra de Cultura adelant\u00f3 la entrega del Parque Lineal ubicado en el barrio Alto Jord\u00e1n de la comuna 18 de Santiago de Cali. Este proyecto lo realizaron de manera conjunta la Alcald\u00eda de Cali y el Ministerio de Cultura. La Administraci\u00f3n local realiz\u00f3 el aporte del lote de 930 m2 y $900 millones de pesos,\u00a0 mientras que\u00a0 MinCultura invirti\u00f3 $1.434 millones, lo que representa una inversi\u00f3n total de m\u00e1s de $2.334 millones.<\/p>\n<p>Con esta inversi\u00f3n se trabaj\u00f3 en la construcci\u00f3n de terrazas,\u00a0 un teatrino al aire libre y una plazoleta de eventos para uso cultural. Se gener\u00f3 una comunicaci\u00f3n entre las carreras 93 y 94 donde se construy\u00f3 un edificio de 4 pisos con un \u00e1rea total de 417.99 m2 para desarrollo de eventos culturales.<\/p>\n<p>En total ser\u00e1n 46 obras las que el Ministerio de Cultura entregar\u00e1 en los pr\u00f3ximos meses en los departamentos de Atl\u00e1ntico, Arauca,\u00a0 Bol\u00edvar, Boyac\u00e1, Cauca, Cesar, C\u00f3rdoba, Cundinamarca, Choc\u00f3, La Guajira, Magdalena, Meta, Nari\u00f1o, Norte de Santander, Quind\u00edo, Santander, Sucre y Valle del Cauca, distribuidas en 11 casas de cultura, 28 bibliotecas, 2 escuelas de m\u00fasica, 2 centros culturales, 1 centro hist\u00f3rico, el \u00f3rgano de la Catedral Primada de Colombia y las capillas paeces, con una inversi\u00f3n de $40.000 millones de pesos<\/p>\n<p>Estos espacios permitir\u00e1n el desarrollo de pr\u00e1cticas art\u00edsticas y culturales, permitiendo fortalecer procesos pedag\u00f3gicos tradicionales que han logrado mantener el encuentro y la sana convivencia de la comunidad.<\/p>\n<p>Fuente: Comunicaciones Ministerio de Cultura.<\/p>\n","protected":false},"excerpt":{"rendered":"<p>Con una inversi\u00f3n de $7.339 millones, Guacar\u00ed, Yotoco y Cali contar\u00e1n con nuevos y mejores espacios para la creaci\u00f3n art\u00edstica y el conocimiento. Ministra de Cultura Mariana Garc\u00e9s C\u00f3rdoba inici\u00f3 las entregas el 16 de julio y terminar\u00e1 su recorrido por el Valle en la Comuna 18. \u00a0La Ministra de[&#8230;]<\/p>\n","protected":false},"author":1,"featured_media":5482,"comment_status":"open","ping_status":"open","sticky":false,"template":"","format":"standard","meta":{"footnotes":""},"categories":[4],"tags":[],"_links":{"self":[{"href":"https:\/\/emisora.univalle.edu.co\/index.php\/wp-json\/wp\/v2\/posts\/5493"}],"collection":[{"href":"https:\/\/emisora.univalle.edu.co\/index.php\/wp-json\/wp\/v2\/posts"}],"about":[{"href":"https:\/\/emisora.univalle.edu.co\/index.php\/wp-json\/wp\/v2\/types\/post"}],"author":[{"embeddable":true,"href":"https:\/\/emisora.univalle.edu.co\/index.php\/wp-json\/wp\/v2\/users\/1"}],"replies":[{"embeddable":true,"href":"https:\/\/emisora.univalle.edu.co\/index.php\/wp-json\/wp\/v2\/comments?post=5493"}],"version-history":[{"count":1,"href":"https:\/\/emisora.univalle.edu.co\/index.php\/wp-json\/wp\/v2\/posts\/5493\/revisions"}],"predecessor-version":[{"id":5494,"href":"https:\/\/emisora.univalle.edu.co\/index.php\/wp-json\/wp\/v2\/posts\/5493\/revisions\/5494"}],"wp:featuredmedia":[{"embeddable":true,"href":"https:\/\/emisora.univalle.edu.co\/index.php\/wp-json\/wp\/v2\/media\/5482"}],"wp:attachment":[{"href":"https:\/\/emisora.univalle.edu.co\/index.php\/wp-json\/wp\/v2\/media?parent=5493"}],"wp:term":[{"taxonomy":"category","embeddable":true,"href":"https:\/\/emisora.univalle.edu.co\/index.php\/wp-json\/wp\/v2\/categories?post=5493"},{"taxonomy":"post_tag","embeddable":true,"href":"https:\/\/emisora.univalle.edu.co\/index.php\/wp-json\/wp\/v2\/tags?post=5493"}],"curies":[{"name":"wp","href":"https:\/\/api.w.org\/{rel}","templated":true}]}}