{"id":5521,"date":"2015-07-21T15:49:43","date_gmt":"2015-07-21T20:49:43","guid":{"rendered":"https:\/\/emisora.univalle.edu.co\/\/?p=5521"},"modified":"2015-07-21T15:49:43","modified_gmt":"2015-07-21T20:49:43","slug":"con-actos-culturales-y-deportivos-presentan-iii-copa-de-voleibol-sentado-y-campana-respira-paz","status":"publish","type":"post","link":"https:\/\/emisora.univalle.edu.co\/index.php\/con-actos-culturales-y-deportivos-presentan-iii-copa-de-voleibol-sentado-y-campana-respira-paz\/","title":{"rendered":"Con actos culturales y deportivos, presentan III Copa de Voleibol Sentado y campa\u00f1a Respira Paz"},"content":{"rendered":"<p><span style=\"line-height: 1.5em;\">Este martes 21 de julio se realizar\u00e1 por primera vez en Cali y Colombia un partido de voleibol sentado en un espacio p\u00fablico y al aire libre. El escenario de esta exhibici\u00f3n deportiva ser\u00e1 el Bulevar del R\u00edo Cali, en donde se realizar\u00e1 el lanzamiento de la III Copa de Voleibol Sentado \u2018Integraci\u00f3n con inclusi\u00f3n\u2019.<\/span><\/p>\n<p>La organizaci\u00f3n de este encuentro deportivo est\u00e1 a cargo del grupo Discapacitados con Fe y Amor al Deporte &#8211; Disfad, que el 20 de marzo de este a\u00f1o ganaron el premio RecOn en la categor\u00eda de adultos, al presentar su proyecto deportivo como una iniciativa de innovaci\u00f3n social, con el fin de generar bienestar y felicidad para los colombianos, a trav\u00e9s de propuestas que trabajen en la construcci\u00f3n de reconciliaci\u00f3n.<\/p>\n<p>A este lanzamiento se ha unido ONU Colombia, que en el marco de la actividad deportiva presentar\u00e1 la campa\u00f1a Respira Paz, por medio de la cual se invita a todos los colombianos a reflexionar antes de actuar, manejando de manera positiva las situaciones que se presentan en la vida cotidiana y aportando as\u00ed a la construcci\u00f3n de paz desde su entorno.<\/p>\n<p>El evento iniciar\u00e1 a las 5:00 p.m. con una muestra cultural de Swing Latino, bajo la direcci\u00f3n de Luis Eduardo Hern\u00e1ndez \u2018El mulato\u2019, seguido por la presentaci\u00f3n de m\u00fasica del pac\u00edfico y chirim\u00eda, a cargo de un grupo de la Secretar\u00eda de Cultura de Cali. Adem\u00e1s, habr\u00e1 presencia de zanqueros recibiendo a los asistentes y jugadores del Deportivo Cali que acompa\u00f1aran este evento. Y se har\u00e1 presente la Sinf\u00f3nica Batuta Somos Pac\u00edfico del barrio Potrero Grande.<\/p>\n<p>La instalaci\u00f3n de este acto contar\u00e1 con la presencia del alcalde de Cali, Rodrigo Guerrero; la embajadora de Suecia en Colombia, Marie Andersson de Frutos; el asesor de Paz y Desarrollo de ONU Colombia, Jared Kotler; el personero de Cali y presidente de FENALPER, Andr\u00e9s Santamar\u00eda y el director ejecutivo de FENALPER, Camilo Fonseca.<\/p>\n<p>Durante el mismo se sostendr\u00e1 un di\u00e1logo entre los jugadores del club deportivo DISFAD, conformado por personas en situaci\u00f3n de discapacidad, y excombatientes de las fuerzas militares y de grupos al margen de la ley, siendo esto un ejemplo de reconciliaci\u00f3n.<\/p>\n<p>Al cierre se presentar\u00e1 una muestra cultural de las agrupaciones Family urban Art y Sticky Dance del distrito de Aguablanca.<\/p>\n<p>Para tener en cuenta<\/p>\n<p>La III versi\u00f3n de la Copa de Voleibol Sentado se llevar\u00e1 a cabo en Cali entre el 27 y 31 de julio y contar\u00e1 con la participaci\u00f3n de 144 deportistas, de los cuales 6 son mujeres, que integran 12 equipos de toda Colombia. Los deportistas provienen de Monter\u00eda, Bogot\u00e1, Caucasia, Cartagena, Quibd\u00f3, Popay\u00e1n, Riohacha, Neiva, Medell\u00edn, y de dos fuerzas militares.<\/p>\n<p>El lanzamiento de este evento deportivo cuenta con el apoyo de la\u00a0 Federaci\u00f3n Nacional de Personeros &#8211; FENALPER, la Personer\u00eda de Cali, RecOn, la Alcald\u00eda de Cali, la Embajada de Suecia en Colombia, el Programa de las Naciones Unidas para el Desarrollo \u2013PNUD- y ONU Colombia.<\/p>\n<p>Fuente: comunicaciones Alcald\u00eda<\/p>\n","protected":false},"excerpt":{"rendered":"<p>Este martes 21 de julio se realizar\u00e1 por primera vez en Cali y Colombia un partido de voleibol sentado en un espacio p\u00fablico y al aire libre. El escenario de esta exhibici\u00f3n deportiva ser\u00e1 el Bulevar del R\u00edo Cali, en donde se realizar\u00e1 el lanzamiento de la III Copa de[&#8230;]<\/p>\n","protected":false},"author":1,"featured_media":5509,"comment_status":"open","ping_status":"open","sticky":false,"template":"","format":"standard","meta":{"footnotes":""},"categories":[4],"tags":[],"_links":{"self":[{"href":"https:\/\/emisora.univalle.edu.co\/index.php\/wp-json\/wp\/v2\/posts\/5521"}],"collection":[{"href":"https:\/\/emisora.univalle.edu.co\/index.php\/wp-json\/wp\/v2\/posts"}],"about":[{"href":"https:\/\/emisora.univalle.edu.co\/index.php\/wp-json\/wp\/v2\/types\/post"}],"author":[{"embeddable":true,"href":"https:\/\/emisora.univalle.edu.co\/index.php\/wp-json\/wp\/v2\/users\/1"}],"replies":[{"embeddable":true,"href":"https:\/\/emisora.univalle.edu.co\/index.php\/wp-json\/wp\/v2\/comments?post=5521"}],"version-history":[{"count":1,"href":"https:\/\/emisora.univalle.edu.co\/index.php\/wp-json\/wp\/v2\/posts\/5521\/revisions"}],"predecessor-version":[{"id":5522,"href":"https:\/\/emisora.univalle.edu.co\/index.php\/wp-json\/wp\/v2\/posts\/5521\/revisions\/5522"}],"wp:featuredmedia":[{"embeddable":true,"href":"https:\/\/emisora.univalle.edu.co\/index.php\/wp-json\/wp\/v2\/media\/5509"}],"wp:attachment":[{"href":"https:\/\/emisora.univalle.edu.co\/index.php\/wp-json\/wp\/v2\/media?parent=5521"}],"wp:term":[{"taxonomy":"category","embeddable":true,"href":"https:\/\/emisora.univalle.edu.co\/index.php\/wp-json\/wp\/v2\/categories?post=5521"},{"taxonomy":"post_tag","embeddable":true,"href":"https:\/\/emisora.univalle.edu.co\/index.php\/wp-json\/wp\/v2\/tags?post=5521"}],"curies":[{"name":"wp","href":"https:\/\/api.w.org\/{rel}","templated":true}]}}