{"id":5527,"date":"2015-07-21T15:54:06","date_gmt":"2015-07-21T20:54:06","guid":{"rendered":"https:\/\/emisora.univalle.edu.co\/\/?p=5527"},"modified":"2015-07-21T15:54:06","modified_gmt":"2015-07-21T20:54:06","slug":"con-actos-artisticos-culturales-y-religiosos-cali-celebra-sus-479-anos","status":"publish","type":"post","link":"https:\/\/emisora.univalle.edu.co\/index.php\/con-actos-artisticos-culturales-y-religiosos-cali-celebra-sus-479-anos\/","title":{"rendered":"Con actos art\u00edsticos, culturales y religiosos, Cali celebra sus 479 a\u00f1os"},"content":{"rendered":"<p><span style=\"line-height: 1.5em;\">\u00a0<\/span><span style=\"line-height: 1.5em;\">La programaci\u00f3n de la celebraci\u00f3n del cumplea\u00f1os de Cali inicia este viernes 24 de julio\u00a0 a partir de las 7:30 a.m., cuando en todos los Centros de Atenci\u00f3n Local Integrada, CALI, se parta el pastel y se invite a todos los vecinos a degustarlo.<\/span><\/p>\n<p>A las 4:00 p.m., en la iglesia la Merced se realizar\u00e1 una ceremonia ecum\u00e9nica, en la que representantes de 12 religiones dar\u00e1n su bendici\u00f3n a Cali.<\/p>\n<p>Posteriormente, a las 5:00 p.m., la Sociedad de Mejoras P\u00fablicas entregar\u00e1 una placa a la ciudad. El acto se realizar\u00e1 en la Plazoleta de la Iglesia La Merced. Seguidamente, a las 6:00 p.m., el Museo Arqueol\u00f3gico la Merced\u00a0 inaugura la Exposici\u00f3n \u2018Cer\u00e1mica S\u00f3nica\u2019.<\/p>\n<p>A continuaci\u00f3n, hacia las 7:00 p.m, se inicia un recorrido por diferentes hitos de la ciudad que ir\u00e1n quedando iluminados. La ruta empieza por Cristo Rey, Cerro de las Tres Cruces, Puente Espa\u00f1a, para terminar en el edificio Coltabaco.<\/p>\n<p>La noche del 24 de julio termina con un concierto en la Plazoleta de la Iglesia la Merced.<\/p>\n<p>El s\u00e1bado 25 de julio inicia la celebraci\u00f3n a las 10:00 a.m. con una ofrenda floral\u00a0 en la estatua de\u00a0 Sebasti\u00e1n de Belalc\u00e1zar, el fundador de la ciudad.<\/p>\n<p>A las 4:00 p.m.,\u00a0 se realizar\u00e1 el descubrimiento de la escultura \u2018La Maceta\u2019, realizada por el artista cale\u00f1o Diego Pombo. El acto tendr\u00e1 lugar en la plazoleta baja de San Antonio.<\/p>\n<p>La fiesta se prende en la Plazoleta Jairo Varela, a partir de las 6: 30 p.m. con la Cali Salsa Big Band, a cargo del maestro Jos\u00e9 Aguirre. All\u00ed se realizar\u00e1 el lanzamiento del nuevo video del Himno de Cali. El concierto tendr\u00e1 transmisi\u00f3n en directo por Telepac\u00edfico.<\/p>\n<p>La noche se cierra con espect\u00e1culos de juegos pirot\u00e9cnicos que los cale\u00f1os podr\u00e1n apreciar a partir de las 8:30 p.m., desde la terraza del Centro Administrativo Municipal, CAM, Cerro de la Bandera, y del Centro Comercial R\u00edo Cauca.<\/p>\n<p>Fuente: Comunicaciones Alcald\u00eda<\/p>\n","protected":false},"excerpt":{"rendered":"<p>\u00a0La programaci\u00f3n de la celebraci\u00f3n del cumplea\u00f1os de Cali inicia este viernes 24 de julio\u00a0 a partir de las 7:30 a.m., cuando en todos los Centros de Atenci\u00f3n Local Integrada, CALI, se parta el pastel y se invite a todos los vecinos a degustarlo. A las 4:00 p.m., en la[&#8230;]<\/p>\n","protected":false},"author":1,"featured_media":5516,"comment_status":"open","ping_status":"open","sticky":false,"template":"","format":"standard","meta":{"footnotes":""},"categories":[4],"tags":[],"_links":{"self":[{"href":"https:\/\/emisora.univalle.edu.co\/index.php\/wp-json\/wp\/v2\/posts\/5527"}],"collection":[{"href":"https:\/\/emisora.univalle.edu.co\/index.php\/wp-json\/wp\/v2\/posts"}],"about":[{"href":"https:\/\/emisora.univalle.edu.co\/index.php\/wp-json\/wp\/v2\/types\/post"}],"author":[{"embeddable":true,"href":"https:\/\/emisora.univalle.edu.co\/index.php\/wp-json\/wp\/v2\/users\/1"}],"replies":[{"embeddable":true,"href":"https:\/\/emisora.univalle.edu.co\/index.php\/wp-json\/wp\/v2\/comments?post=5527"}],"version-history":[{"count":1,"href":"https:\/\/emisora.univalle.edu.co\/index.php\/wp-json\/wp\/v2\/posts\/5527\/revisions"}],"predecessor-version":[{"id":5528,"href":"https:\/\/emisora.univalle.edu.co\/index.php\/wp-json\/wp\/v2\/posts\/5527\/revisions\/5528"}],"wp:featuredmedia":[{"embeddable":true,"href":"https:\/\/emisora.univalle.edu.co\/index.php\/wp-json\/wp\/v2\/media\/5516"}],"wp:attachment":[{"href":"https:\/\/emisora.univalle.edu.co\/index.php\/wp-json\/wp\/v2\/media?parent=5527"}],"wp:term":[{"taxonomy":"category","embeddable":true,"href":"https:\/\/emisora.univalle.edu.co\/index.php\/wp-json\/wp\/v2\/categories?post=5527"},{"taxonomy":"post_tag","embeddable":true,"href":"https:\/\/emisora.univalle.edu.co\/index.php\/wp-json\/wp\/v2\/tags?post=5527"}],"curies":[{"name":"wp","href":"https:\/\/api.w.org\/{rel}","templated":true}]}}