{"id":5552,"date":"2015-07-22T14:14:42","date_gmt":"2015-07-22T19:14:42","guid":{"rendered":"https:\/\/emisora.univalle.edu.co\/\/?p=5552"},"modified":"2015-07-22T14:14:42","modified_gmt":"2015-07-22T19:14:42","slug":"cali-sera-epicentro-de-la-danza-mundial-en-noviembre-con-la-segunda-bienal","status":"publish","type":"post","link":"https:\/\/emisora.univalle.edu.co\/index.php\/cali-sera-epicentro-de-la-danza-mundial-en-noviembre-con-la-segunda-bienal\/","title":{"rendered":"Cali ser\u00e1 epicentro de la Danza Mundial en noviembre, con la segunda bienal"},"content":{"rendered":"<p><span style=\"line-height: 1.5em;\">Los bailes del mundo se reunir\u00e1n de nuevo en Santiago de Cali entre el 6 y el 14 de noviembre en la Segunda Bienal Internacional de Danza de Cali.<\/span><\/p>\n<p><span style=\"line-height: 1.5em;\">El alcalde Rodrigo Guerrero Velasco en compa\u00f1\u00eda de la ministra de Cultura, Mariana Garc\u00e9s C\u00f3rdoba, se\u00f1al\u00f3 que \u201cas\u00ed como la capital del Valle fue el epicentro del atletismo mundial con el campeonato de menores, la danza permitir\u00e1 que esta urbe siga ostentando ese sitial en el pen\u00faltimo mes de 2015, con la realizaci\u00f3n de una treintena de funciones en escenarios como los teatros Los Cristales, Municipal Enrique Buenaventura y lugares como la Colina de San Antonio, el Paseo de la Avenida Colombia, entre otros\u201d.<\/span><\/p>\n<p><span style=\"line-height: 1.5em;\">Tambi\u00e9n dijo \u201cNo me cabe la menor duda que el comit\u00e9 curatorial hizo la mejor de las escogencias para que los cale\u00f1os aprecien las mejores expresiones de danza, que traer\u00e1n 300 bailarines provenientes de 12 naciones, lo que llevar\u00e1 a las compa\u00f1\u00edas y grupos nacionales a enriquecer su haber cultural, lo mismo que el acervo cultural y art\u00edstico que se tiene en Cali, donde la danza es una forma de relaci\u00f3n social y la base para expresar sentimientos\u201d.<\/span><\/p>\n<p><span style=\"line-height: 1.5em;\">De igual manera, el mandatario local manifest\u00f3 que \u201cla bienal se debe destacar por el componente internacional que tiene, pues se debe dimensionar que son danzas que vienen de sitios lejanos del planeta, lo que permitir\u00e1 a la ciudadan\u00eda observar presencialmente c\u00f3mo se baila en otros continentes y a su vez los visitantes apreciar\u00e1n nuestras bondades art\u00edsticas, aspecto que llevar\u00e1 a un proceso de retroalimentaci\u00f3n cultural\u201d.<\/span><\/p>\n<p><span style=\"line-height: 1.5em;\">Para Amparo Sinisterra de Carvajal, presidenta de la Asociaci\u00f3n para la Producci\u00f3n de las Artes \u2013Proartes-, agradeciendo al Todopoderoso, expres\u00f3 que el apoyo de la Administraci\u00f3n Municipal, a trav\u00e9s de la Secretar\u00eda de Cultura, el Ministerio de la Cultura y la empresa privada, han sido fundamentales para que este espacio sea una herramienta insustituible para fortalecer la inclusi\u00f3n de los habitantes de todas las comunas, escuelas, grupos danc\u00edsticos y p\u00fablico en general.<\/span><\/p>\n<p><span style=\"line-height: 1.5em;\">Al recordar que la primera versi\u00f3n de la bienal fue un \u00e9xito innegable, explic\u00f3 que \u201cse tuvo una respuesta casi inesperada, porque fue tal la acogida por parte del pueblo de Cali que los sitios donde se realizaron las distintas presentaciones tuvieron lleno a reventar, lo que sin equ\u00edvoco colm\u00f3\u00a0 las expectativas y dio inicio para empezar a forjar la segunda versi\u00f3n, puesto que con ella se adquiri\u00f3 un compromiso muy grande para convertirse en plataforma de lanzamiento de la cultura cale\u00f1a hacia el resto del mundo, como la capital de la Danza en Colombia\u201d.<\/span><\/p>\n<p><span style=\"line-height: 1.5em;\">Y prosigui\u00f3: \u201cCreemos que los cale\u00f1os, con la primera bienal, han empezado a sentir este momento cultural como propio, habida cuenta que les permitir\u00e1 interactuar y establecer un di\u00e1logo enriquecedor en la divulgaci\u00f3n de nuestros valores y m\u00e1s sentidas manifestaciones culturales con los visitantes de otros pa\u00edses y con nuestra comunidad, que es una maravillosa mezcla de distintas regiones del pa\u00eds, llevando a todos los sitios el \u00fanico lenguaje que nos une en cualquier lugar del planeta, como es la cultura y abre caminos de paz\u201d.<\/span><\/p>\n<p><span style=\"line-height: 1.5em;\">Por su parte, la ministra de Cultura, Mariana Garc\u00e9s, una vez evidenci\u00f3 su gusto por c\u00f3mo qued\u00f3 el teatrino del Teatro Municipal Enrique Buenaventura, al que catalog\u00f3 como un verdadero teatro alterno, consider\u00f3 que la bienal de Danza Internacional que se realiza en Cali es la oportunidad para Colombia entera dirigiera sus ojos de nuevo para ac\u00e1, por su reconocimiento en el orbe.<\/span><\/p>\n<p><span style=\"line-height: 1.5em;\">Anot\u00f3 que tambi\u00e9n se constituye en el momento para confrontar lo que se hace en el pa\u00eds a nivel cultural con lo que pasa en el mundo, ver tendencias y otras oportunidades para ser mejores, sumado a otros beneficios para otros sectores como el hotelero, gastron\u00f3mico y comercial.<\/span><\/p>\n<p><span style=\"line-height: 1.5em;\">Garc\u00e9s C\u00f3rdoba igualmente sostuvo que es la oportunidad de abrir espacios a otras expresiones como la danza urbana, que de igual forma es exigente como las dem\u00e1s.<\/span><\/p>\n<p><span style=\"line-height: 1.5em;\">Finalmente, argument\u00f3 que otra ventaja que tiene la bienal es que el viaje de los curadores a nivel mundial conlleva a hacer selecci\u00f3n in situ para traer lo mejor de lo mejor y no bas\u00e1ndose en videos que pueden decir mucho, pero tambi\u00e9n esconder mucho, aunado a que abre puertas a los bailarines cale\u00f1os y colombianos, porque se fortalecen intercambios, se logran pasant\u00edas y giras internacionales.<\/span><\/p>\n<p>Fuente: Comunicaciones Alcald\u00eda<\/p>\n<p>&nbsp;<\/p>\n","protected":false},"excerpt":{"rendered":"<p>Los bailes del mundo se reunir\u00e1n de nuevo en Santiago de Cali entre el 6 y el 14 de noviembre en la Segunda Bienal Internacional de Danza de Cali. El alcalde Rodrigo Guerrero Velasco en compa\u00f1\u00eda de la ministra de Cultura, Mariana Garc\u00e9s C\u00f3rdoba, se\u00f1al\u00f3 que \u201cas\u00ed como la capital[&#8230;]<\/p>\n","protected":false},"author":1,"featured_media":5545,"comment_status":"open","ping_status":"open","sticky":false,"template":"","format":"standard","meta":{"footnotes":""},"categories":[4],"tags":[],"_links":{"self":[{"href":"https:\/\/emisora.univalle.edu.co\/index.php\/wp-json\/wp\/v2\/posts\/5552"}],"collection":[{"href":"https:\/\/emisora.univalle.edu.co\/index.php\/wp-json\/wp\/v2\/posts"}],"about":[{"href":"https:\/\/emisora.univalle.edu.co\/index.php\/wp-json\/wp\/v2\/types\/post"}],"author":[{"embeddable":true,"href":"https:\/\/emisora.univalle.edu.co\/index.php\/wp-json\/wp\/v2\/users\/1"}],"replies":[{"embeddable":true,"href":"https:\/\/emisora.univalle.edu.co\/index.php\/wp-json\/wp\/v2\/comments?post=5552"}],"version-history":[{"count":1,"href":"https:\/\/emisora.univalle.edu.co\/index.php\/wp-json\/wp\/v2\/posts\/5552\/revisions"}],"predecessor-version":[{"id":5553,"href":"https:\/\/emisora.univalle.edu.co\/index.php\/wp-json\/wp\/v2\/posts\/5552\/revisions\/5553"}],"wp:featuredmedia":[{"embeddable":true,"href":"https:\/\/emisora.univalle.edu.co\/index.php\/wp-json\/wp\/v2\/media\/5545"}],"wp:attachment":[{"href":"https:\/\/emisora.univalle.edu.co\/index.php\/wp-json\/wp\/v2\/media?parent=5552"}],"wp:term":[{"taxonomy":"category","embeddable":true,"href":"https:\/\/emisora.univalle.edu.co\/index.php\/wp-json\/wp\/v2\/categories?post=5552"},{"taxonomy":"post_tag","embeddable":true,"href":"https:\/\/emisora.univalle.edu.co\/index.php\/wp-json\/wp\/v2\/tags?post=5552"}],"curies":[{"name":"wp","href":"https:\/\/api.w.org\/{rel}","templated":true}]}}