{"id":5554,"date":"2015-07-22T14:16:52","date_gmt":"2015-07-22T19:16:52","guid":{"rendered":"https:\/\/emisora.univalle.edu.co\/\/?p=5554"},"modified":"2015-07-22T14:16:52","modified_gmt":"2015-07-22T19:16:52","slug":"con-fiesta-deportiva-presentan-la-iii-copa-de-voleibol-sentado-y-campana-respira-paz","status":"publish","type":"post","link":"https:\/\/emisora.univalle.edu.co\/index.php\/con-fiesta-deportiva-presentan-la-iii-copa-de-voleibol-sentado-y-campana-respira-paz\/","title":{"rendered":"Con fiesta deportiva presentan la III Copa de Voleibol Sentado y campa\u00f1a Respira Paz"},"content":{"rendered":"<p><span style=\"line-height: 1.5em;\">Por primera vez en Cali y en Colombia se realiza la muestra deportiva de voleibol sentado \u00b4Integraci\u00f3n con Inclusi\u00f3n\u00b4, justas dedicadas a las personas en condici\u00f3n de discapacidad f\u00edsica, y que fueron presentadas en la tarde de este martes 21 de julio.<\/span><\/p>\n<p><span style=\"line-height: 1.5em;\">El escenario escogido fue el Paseo de la Avenida Colombia, espacio propicio para las muestras culturales expuestas, que estuvieron a cargo de Swing Latino y la presentaci\u00f3n de m\u00fasica del Pac\u00edfico y chirim\u00eda, a cargo de uno de los grupos de la Secretar\u00eda de Cultura. A su turno, se present\u00f3 la Sinf\u00f3nica Batuta Somos Pac\u00edfico, del barrio Potrero Grande.<\/span><\/p>\n<p><span style=\"line-height: 1.5em;\">Durante este acto deportivo se present\u00f3 la campa\u00f1a \u00b4Respira Paz\u00b4, que promueve por medio de esta iniciativa que los colombianos reflexionen, piensen antes de actuar, manejando de manera positiva las situaciones que se presentan en la vida cotidiana y aportando a la construcci\u00f3n de la paz.<\/span><\/p>\n<p><span style=\"line-height: 1.5em;\">El alcalde de Cali, Rodrigo Guerrero Velasco, invit\u00f3 a toda la comunidad cale\u00f1a a que asistan a este encuentro deportivo que se llevar\u00e1 a cabo desde el 27 al 31 de julio en el Coliseo de Voleibol Francisco Chois, que contar\u00e1 con la participaci\u00f3n de 144 deportistas provenientes de Monter\u00eda, Bogot\u00e1; Caucasia, Cartagena, Quibd\u00f3, Popay\u00e1n, Riohacha, Neiva, Medell\u00edn y de las Fuerzas Militares.<\/span><\/p>\n<p><span style=\"line-height: 1.5em;\">El mandatario de los cale\u00f1os agreg\u00f3 que este evento \u00abes un acto de entrega y dedicaci\u00f3n de estos deportistas que hacen parte de la poblaci\u00f3n civil y exmilitares que son ejemplo de vida; Cali es pionera en estas justas y durante esta semana lo estaremos demostrando\u201d, afirm\u00f3 Guerrero.<\/span><\/p>\n<p><span style=\"line-height: 1.5em;\">A su turno, Fernando Aguirre, presidente y fundador de &#8216;Discapacitados con Fe y Amor al Deporte&#8217;, Disfad, afirm\u00f3 que \u201clo que antes hac\u00edamos con armas ahora lo hacemos con un bal\u00f3n, demostrando que podemos construir paz y que en la cancha somos una familia m\u00e1s\u201d. La entrada a este evento ser\u00e1 gratuita en la jornada de la tarde.<\/span><\/p>\n<p>Fuente: Comunicaciones Alcald\u00eda y Personer\u00eda<\/p>\n","protected":false},"excerpt":{"rendered":"<p>Por primera vez en Cali y en Colombia se realiza la muestra deportiva de voleibol sentado \u00b4Integraci\u00f3n con Inclusi\u00f3n\u00b4, justas dedicadas a las personas en condici\u00f3n de discapacidad f\u00edsica, y que fueron presentadas en la tarde de este martes 21 de julio. El escenario escogido fue el Paseo de la[&#8230;]<\/p>\n","protected":false},"author":1,"featured_media":5555,"comment_status":"open","ping_status":"open","sticky":false,"template":"","format":"standard","meta":{"footnotes":""},"categories":[4],"tags":[],"_links":{"self":[{"href":"https:\/\/emisora.univalle.edu.co\/index.php\/wp-json\/wp\/v2\/posts\/5554"}],"collection":[{"href":"https:\/\/emisora.univalle.edu.co\/index.php\/wp-json\/wp\/v2\/posts"}],"about":[{"href":"https:\/\/emisora.univalle.edu.co\/index.php\/wp-json\/wp\/v2\/types\/post"}],"author":[{"embeddable":true,"href":"https:\/\/emisora.univalle.edu.co\/index.php\/wp-json\/wp\/v2\/users\/1"}],"replies":[{"embeddable":true,"href":"https:\/\/emisora.univalle.edu.co\/index.php\/wp-json\/wp\/v2\/comments?post=5554"}],"version-history":[{"count":1,"href":"https:\/\/emisora.univalle.edu.co\/index.php\/wp-json\/wp\/v2\/posts\/5554\/revisions"}],"predecessor-version":[{"id":5556,"href":"https:\/\/emisora.univalle.edu.co\/index.php\/wp-json\/wp\/v2\/posts\/5554\/revisions\/5556"}],"wp:featuredmedia":[{"embeddable":true,"href":"https:\/\/emisora.univalle.edu.co\/index.php\/wp-json\/wp\/v2\/media\/5555"}],"wp:attachment":[{"href":"https:\/\/emisora.univalle.edu.co\/index.php\/wp-json\/wp\/v2\/media?parent=5554"}],"wp:term":[{"taxonomy":"category","embeddable":true,"href":"https:\/\/emisora.univalle.edu.co\/index.php\/wp-json\/wp\/v2\/categories?post=5554"},{"taxonomy":"post_tag","embeddable":true,"href":"https:\/\/emisora.univalle.edu.co\/index.php\/wp-json\/wp\/v2\/tags?post=5554"}],"curies":[{"name":"wp","href":"https:\/\/api.w.org\/{rel}","templated":true}]}}