{"id":5561,"date":"2015-07-22T14:22:39","date_gmt":"2015-07-22T19:22:39","guid":{"rendered":"https:\/\/emisora.univalle.edu.co\/\/?p=5561"},"modified":"2015-07-22T14:22:39","modified_gmt":"2015-07-22T19:22:39","slug":"el-30-de-julio-de-2015-dia-mundial-contra-la-trata-de-personas","status":"publish","type":"post","link":"https:\/\/emisora.univalle.edu.co\/index.php\/el-30-de-julio-de-2015-dia-mundial-contra-la-trata-de-personas\/","title":{"rendered":"El 30 de Julio de 2015 D\u00eda Mundial Contra la Trata de Personas"},"content":{"rendered":"<p><span style=\"line-height: 1.5em;\">Diferentes pa\u00edses conmemoran este 30 de julio el D\u00eda Mundial contra la Trata de Personas, con actividades l\u00fadicas, conferencias, puestas en escena, exposiciones itinerantes y un sinn\u00famero de actividades relacionadas con este flagelo, acogiendo lo dispuesto por la Asamblea General de la Organizaci\u00f3n de las Naciones Unidas ONU, con el programa Contra la Droga y el Delito \u2013UNODC, a trav\u00e9s de la Resoluci\u00f3n 68\/192.<\/span><\/p>\n<p><span style=\"line-height: 1.5em;\">Dicha resoluci\u00f3n establece realizar actividades que acerquen a la ciudadan\u00eda en general para visibilizar y concientizar a la poblaci\u00f3n de este grave delito y prepararlos sobre la prevenci\u00f3n y atenci\u00f3n a las v\u00edctimas, afianzando los conocimientos sobre la Ley 985 de 2005 y la normatividad jur\u00eddica que protege y crea las garant\u00edas necesarias para las v\u00edctimas del segundo delito en el mundo, como corresponde al flagelo de la Trata de Personas.\u00a0<\/span><\/p>\n<p><span style=\"line-height: 1.5em;\">La Administraci\u00f3n Departamental de la\u00a0 Gobernaci\u00f3n del Valle a trav\u00e9s de la Secretaria de Gobierno Departamental, Martha Cecilia Balc\u00e1zar L\u00f3pez, conjuntamente con la Alcald\u00eda de Santiago de Cali, invitan para este\u00a0 jueves 30 de julio de 2015, a toda la ciudadan\u00eda, a la juventud, los colegios, al mundo universitario, a las autoridades eclesi\u00e1stica y militares, A Los Medios Masivos De Comunicaci\u00f3n, a un Gran Acto en la Plazoleta \u201cJairo Varela\u201d, a partir de las 8:00 A.M,\u00a0 a\u00a0 12:00 M.<\/span><\/p>\n<p><span style=\"line-height: 1.5em;\">All\u00ed se realizar\u00e1 un Foro Acad\u00e9mico que versar\u00e1 sobre el tema de La Trata de Personas \u201cLa Esclavitud del Siglo XXI\u201d, y la campa\u00f1a irrumpir\u00e1 con la exposici\u00f3n \u2013Los Espacios Vac\u00edos de 300 Pupitres Azules-, tomado de la UNODC, que representar\u00e1n los vac\u00edos dejados por las v\u00edctimas en sus entornos familiares y sociales. Iniciativa \u00e9sta que de manera simb\u00f3lica, cada pupitre azul contar\u00e1 una historia, de cada v\u00edctima, dejando un mensaje diferente, al buscar la manera de acercar al ciudadano del com\u00fan, para que aprecie y se involucre de cerca con las distintas modalidades de este grave delito.<\/span><\/p>\n<p>Fuente: Comunicaciones Gobernaci\u00f3n<\/p>\n","protected":false},"excerpt":{"rendered":"<p>Diferentes pa\u00edses conmemoran este 30 de julio el D\u00eda Mundial contra la Trata de Personas, con actividades l\u00fadicas, conferencias, puestas en escena, exposiciones itinerantes y un sinn\u00famero de actividades relacionadas con este flagelo, acogiendo lo dispuesto por la Asamblea General de la Organizaci\u00f3n de las Naciones Unidas ONU, con el[&#8230;]<\/p>\n","protected":false},"author":1,"featured_media":5547,"comment_status":"open","ping_status":"open","sticky":false,"template":"","format":"standard","meta":{"footnotes":""},"categories":[4],"tags":[],"_links":{"self":[{"href":"https:\/\/emisora.univalle.edu.co\/index.php\/wp-json\/wp\/v2\/posts\/5561"}],"collection":[{"href":"https:\/\/emisora.univalle.edu.co\/index.php\/wp-json\/wp\/v2\/posts"}],"about":[{"href":"https:\/\/emisora.univalle.edu.co\/index.php\/wp-json\/wp\/v2\/types\/post"}],"author":[{"embeddable":true,"href":"https:\/\/emisora.univalle.edu.co\/index.php\/wp-json\/wp\/v2\/users\/1"}],"replies":[{"embeddable":true,"href":"https:\/\/emisora.univalle.edu.co\/index.php\/wp-json\/wp\/v2\/comments?post=5561"}],"version-history":[{"count":1,"href":"https:\/\/emisora.univalle.edu.co\/index.php\/wp-json\/wp\/v2\/posts\/5561\/revisions"}],"predecessor-version":[{"id":5562,"href":"https:\/\/emisora.univalle.edu.co\/index.php\/wp-json\/wp\/v2\/posts\/5561\/revisions\/5562"}],"wp:featuredmedia":[{"embeddable":true,"href":"https:\/\/emisora.univalle.edu.co\/index.php\/wp-json\/wp\/v2\/media\/5547"}],"wp:attachment":[{"href":"https:\/\/emisora.univalle.edu.co\/index.php\/wp-json\/wp\/v2\/media?parent=5561"}],"wp:term":[{"taxonomy":"category","embeddable":true,"href":"https:\/\/emisora.univalle.edu.co\/index.php\/wp-json\/wp\/v2\/categories?post=5561"},{"taxonomy":"post_tag","embeddable":true,"href":"https:\/\/emisora.univalle.edu.co\/index.php\/wp-json\/wp\/v2\/tags?post=5561"}],"curies":[{"name":"wp","href":"https:\/\/api.w.org\/{rel}","templated":true}]}}