{"id":5563,"date":"2015-07-22T14:24:27","date_gmt":"2015-07-22T19:24:27","guid":{"rendered":"https:\/\/emisora.univalle.edu.co\/\/?p=5563"},"modified":"2015-07-22T14:24:27","modified_gmt":"2015-07-22T19:24:27","slug":"seran-presentados-en-cali-los-modelos-de-casa-del-futuro","status":"publish","type":"post","link":"https:\/\/emisora.univalle.edu.co\/index.php\/seran-presentados-en-cali-los-modelos-de-casa-del-futuro\/","title":{"rendered":"Ser\u00e1n presentados en Cali los modelos de casa del futuro"},"content":{"rendered":"<p><span style=\"line-height: 1.5em;\">Este jueves 23 de julio a las 9.30 a.m. en el Sal\u00f3n Madera de la Secretar\u00eda de Cultura,\u00a0 el Alcalde Rodrigo Guerrero les dar\u00e1 la bienvenida a las 16 delegaciones internacionales y nacionales que participan en el Solar Decathlon 2015. Se presentar\u00e1n las propuestas \u00fanicas de vivienda sostenible que posteriormente ser\u00e1n construidas en Cali.<\/span><\/p>\n<p><span style=\"line-height: 1.5em;\">La Alcald\u00eda de Santiago de Cali, EMCALI, CVC, EPSA, la Universidad del Valle y la Fundaci\u00f3n FES convocan a los medios de comunicaci\u00f3n locales y nacionales al evento en el que se presentar\u00e1n las propuestas que compiten para ganar el primer\u00a0 Solar Decathlon de Am\u00e9rica Latina.<\/span><\/p>\n<p><span style=\"line-height: 1.5em;\">El evento contar\u00e1 con la presencia del alcalde Rodrigo Guerrero, el gerente general de EMCALI, Javier Mauricio Pach\u00f3n, la directora de la Fundaci\u00f3n, FES, Mar\u00eda Luc\u00eda Lloreda, y el invitado internacional Joe Simon, del Laboratorio Nacional de Energ\u00eda Renovable de los Estados Unidos.<\/span><\/p>\n<p><span style=\"line-height: 1.5em;\">Solar Dechatlon es una iniciativa del Departamento de Energ\u00eda de los Estados Unidos (DOE) en la que se convoca a universidades de todo el mundo a dise\u00f1ar modelos de vivienda sostenibles, que funcionan 100% con energ\u00eda solar y colman las necesidades de consumo de energ\u00eda de quienes las habitan. La primera versi\u00f3n fue realizada en Estados Unidos en 2002. Luego de seis versiones en su pa\u00eds de origen, el evento se extendi\u00f3 y se realizaron tres versiones en Europa (Espa\u00f1a y Francia), una en Asia (China) y por primera vez se llevar\u00e1 a cabo en Am\u00e9rica Latina (Cali, Colombia 2015). La siguiente versi\u00f3n ser\u00e1 realizada en Dubai.<\/span><\/p>\n<p><span style=\"line-height: 1.5em;\">Durante casi un a\u00f1o los equipos interdisciplinarios trabajan en el dise\u00f1o y construcci\u00f3n de sus viviendas. Luego de trabajar en sus pa\u00edses y ciudades de origen, los prototipos de casa son trasladados al pa\u00eds o ciudad sede del evento para construir lo que se conoce como \u00abVilla Solar\u00bb. Esta villa es abierta al p\u00fablico y en ella se puede realmente experimentar la operaci\u00f3n de las casas sostenibles. Se denomina \u00abDecathlon\u00bb ya que las universidades y sus prototipos son evaluadas en 10 criterios y al final el equipo que acumule m\u00e1s puntos en las pruebas gana la competencia.<\/span><\/p>\n<p><span style=\"line-height: 1.5em;\">Criterios de Evaluaci\u00f3n de la Decatl\u00f3n: Arquitectura, ingenier\u00eda y construcci\u00f3n, eficiencia energ\u00e9tica, consumo energ\u00e9tico, comfort, sostenibilidad, posicionamiento, comunicaciones, dise\u00f1o urbano y factibilidad e innovaci\u00f3n.<\/span><\/p>\n<p><span style=\"line-height: 1.5em;\">En Cali los socios fundadores del proyecto son la Alcald\u00eda de Cali, Emcali, la CVC, Epsa y <\/span><b style=\"line-height: 1.5em;\">la Universidad del Valle<\/b><span style=\"line-height: 1.5em;\">. Adicionalmente, se cuenta con el respaldo del Gobierno Nacional a trav\u00e9s del Ministerio de Minas y Energ\u00eda, y del Departamento de Energ\u00eda de Estados Unidos como due\u00f1o de la iniciativa. El operador del proyecto a nivel local es hoy la Fundaci\u00f3n FES.<\/span><\/p>\n<p><span style=\"line-height: 1.5em;\">La vinculaci\u00f3n de Santiago de Cali a esta iniciativa, responde al firme prop\u00f3sito de convertir a la ciudad en un mejor lugar para que sus ciudadanos vivan con sostenibilidad, usando fuentes de energ\u00eda limpia y habitando viviendas amigables con el medio ambiente.<\/span><\/p>\n<p><span style=\"line-height: 1.5em;\">El Solar Decathlon 2015 se llevar\u00e1 a cabo del 23 de noviembre al 13 de diciembre en Cali.<\/span><\/p>\n<p><span style=\"line-height: 1.5em;\">Facebook: https:\/\/www.facebook.com\/SolarDecathlonLAC2015<\/span><\/p>\n<p>Twitter: https:\/\/twitter.com\/SolarDLAC<\/p>\n<p>Instagram: http:\/\/www.instagram.com\/SolarDLAC<\/p>\n<p>Pinterest: http:\/\/www.pinterest.com\/SolarDLAC<\/p>\n<p>Flickr: https:\/\/www.flickr.com\/photos\/127587246@N07\/<\/p>\n<p>Youtube: <a href=\"https:\/\/www.youtube.com\/channel\/UC-aDY68vmEj8PAM3oGUl-eg\">https:\/\/www.youtube.com\/channel\/UC-aDY68vmEj8PAM3oGUl-eg<\/a><\/p>\n<p>Fuente: Comunicaciones Emcali<\/p>\n","protected":false},"excerpt":{"rendered":"<p>Este jueves 23 de julio a las 9.30 a.m. en el Sal\u00f3n Madera de la Secretar\u00eda de Cultura,\u00a0 el Alcalde Rodrigo Guerrero les dar\u00e1 la bienvenida a las 16 delegaciones internacionales y nacionales que participan en el Solar Decathlon 2015. Se presentar\u00e1n las propuestas \u00fanicas de vivienda sostenible que posteriormente[&#8230;]<\/p>\n","protected":false},"author":1,"featured_media":5549,"comment_status":"open","ping_status":"open","sticky":false,"template":"","format":"standard","meta":{"footnotes":""},"categories":[4],"tags":[],"_links":{"self":[{"href":"https:\/\/emisora.univalle.edu.co\/index.php\/wp-json\/wp\/v2\/posts\/5563"}],"collection":[{"href":"https:\/\/emisora.univalle.edu.co\/index.php\/wp-json\/wp\/v2\/posts"}],"about":[{"href":"https:\/\/emisora.univalle.edu.co\/index.php\/wp-json\/wp\/v2\/types\/post"}],"author":[{"embeddable":true,"href":"https:\/\/emisora.univalle.edu.co\/index.php\/wp-json\/wp\/v2\/users\/1"}],"replies":[{"embeddable":true,"href":"https:\/\/emisora.univalle.edu.co\/index.php\/wp-json\/wp\/v2\/comments?post=5563"}],"version-history":[{"count":1,"href":"https:\/\/emisora.univalle.edu.co\/index.php\/wp-json\/wp\/v2\/posts\/5563\/revisions"}],"predecessor-version":[{"id":5564,"href":"https:\/\/emisora.univalle.edu.co\/index.php\/wp-json\/wp\/v2\/posts\/5563\/revisions\/5564"}],"wp:featuredmedia":[{"embeddable":true,"href":"https:\/\/emisora.univalle.edu.co\/index.php\/wp-json\/wp\/v2\/media\/5549"}],"wp:attachment":[{"href":"https:\/\/emisora.univalle.edu.co\/index.php\/wp-json\/wp\/v2\/media?parent=5563"}],"wp:term":[{"taxonomy":"category","embeddable":true,"href":"https:\/\/emisora.univalle.edu.co\/index.php\/wp-json\/wp\/v2\/categories?post=5563"},{"taxonomy":"post_tag","embeddable":true,"href":"https:\/\/emisora.univalle.edu.co\/index.php\/wp-json\/wp\/v2\/tags?post=5563"}],"curies":[{"name":"wp","href":"https:\/\/api.w.org\/{rel}","templated":true}]}}