{"id":5565,"date":"2015-07-22T14:26:42","date_gmt":"2015-07-22T19:26:42","guid":{"rendered":"https:\/\/emisora.univalle.edu.co\/\/?p=5565"},"modified":"2015-07-22T14:26:42","modified_gmt":"2015-07-22T19:26:42","slug":"los-cantos-espirituales-del-choco-ya-son-patrimonio-del-pais","status":"publish","type":"post","link":"https:\/\/emisora.univalle.edu.co\/index.php\/los-cantos-espirituales-del-choco-ya-son-patrimonio-del-pais\/","title":{"rendered":"Los cantos espirituales del Choc\u00f3 ya son patrimonio del pa\u00eds"},"content":{"rendered":"<p><span style=\"line-height: 1.5em;\">MinCultura entreg\u00f3 la normativa nacional que incluye lineamientos para la preservaci\u00f3n de la manifestaci\u00f3n cultural chocoana: \u2018Gual\u00edes, alabaos y levantamientos de tumbas del Medio San Juan\u2019.<\/span><\/p>\n<p><span style=\"line-height: 1.5em;\">Durante el lanzamiento del XVIII Encuentro de Alabaos, Gual\u00edes y Levantamientos de Tumbas del Medio San Juan, el Ministerio de Cultura entreg\u00f3 la Resoluci\u00f3n oficial por la cual se incluye esta manifestaci\u00f3n en la Lista Representativa del Patrimonio Cultural Inmaterial del \u00e1mbito nacional y se aprueba su Plan Especial de Salvaguarda-PES -.<\/span><\/p>\n<p><span style=\"line-height: 1.5em;\">La Ministra de Cultura, Mariana Garc\u00e9s C\u00f3rdoba, deleg\u00f3 a\u00a0 Isabel Cristina, asesora del Despacho y a Alberto Escovar, director de Patrimonio, para que entregaran esta distinci\u00f3n a la comunidad chocoana. \u201cLa elaboraci\u00f3n del PES se hizo de manera participativa y busca la continuidad de estos Encuentros donde se reconoce un saber cultural el cual re\u00fanen anualmente a gran parte de los habitantes del departamento\u201d, afirm\u00f3 la asesora.<\/span><\/p>\n<p><span style=\"line-height: 1.5em;\">El reconocimiento se realiz\u00f3 en el teatro Primero de Mayo,\u00a0 de\u00a0 Andagoya,\u00a0 Cabecera Municipal del Medio San Juan. \u201cEsta manifestaci\u00f3n tiene que ver con todos los colombianos y por eso debemos garantizar su preservaci\u00f3n. Estos cantos y conocimientos ancestrales son lo m\u00e1s importante\u201d, anot\u00f3 Alberto Escovar, director de Patrimonio.<\/span><\/p>\n<p><span style=\"line-height: 1.5em;\">El evento tambi\u00e9n cont\u00f3 con la presencia de 30 agrupaciones conformadas por m\u00e1s de 400 personas entre ni\u00f1os, j\u00f3venes y adultos del departamento,\u00a0 amantes de los cantos y rituales caracter\u00edsticos de esta tradici\u00f3n oral. \u201cDebemos seguir trabajando para evitar que nuestra cultura desaparezca. Es una responsabilidad de todos\u201d, agreg\u00f3 Ingrid Rodr\u00edguez, docente y habitante de Andagoya, quien perteneci\u00f3 al equipo elaborador del PES.<\/span><\/p>\n<p><span style=\"line-height: 1.5em;\">Sobre los gual\u00edes, alabaos y levantamientos de tumbas<\/span><\/p>\n<p><span style=\"line-height: 1.5em;\">\u2022\u00a0\u00a0\u00a0\u00a0\u00a0\u00a0\u00a0\u00a0 El gual\u00ed, tambi\u00e9n conocido como chigualo, es el ritual que se realiza cuando muere un ni\u00f1o. Es una ceremonia alegre que incluye arrullos, romances, rondas, bailes, juegos, rimas, chistes y cuentos para despedirlo de este mundo.<\/span><\/p>\n<p><span style=\"line-height: 1.5em;\">\u2022\u00a0\u00a0\u00a0\u00a0\u00a0\u00a0\u00a0\u00a0 El alabao es un canto triste que se interpreta generalmente a capela, cuyas letras se refieren a la vida y a la muerte. Una de las caracter\u00edsticas del alabao es que la letra conmueve a las personas que lo escuchan porque evoca el dolor pero tambi\u00e9n la esperanza.<\/span><\/p>\n<p><span style=\"line-height: 1.5em;\">\u2022\u00a0\u00a0\u00a0\u00a0\u00a0\u00a0\u00a0 Los levantamientos de las tumbas suponen llantos y gritos por parte de los familiares del difunto. Es un momento muy doloroso que acompa\u00f1a la despedida definitiva de este mundo.<\/span><\/p>\n<p>Fuente: Comunicaciones Ministerio de Cultura<\/p>\n<p>Fotos: Jaime Acu\u00f1a Lezama, MinCultura &#8211; @jacunalezama<\/p>\n","protected":false},"excerpt":{"rendered":"<p>MinCultura entreg\u00f3 la normativa nacional que incluye lineamientos para la preservaci\u00f3n de la manifestaci\u00f3n cultural chocoana: \u2018Gual\u00edes, alabaos y levantamientos de tumbas del Medio San Juan\u2019. Durante el lanzamiento del XVIII Encuentro de Alabaos, Gual\u00edes y Levantamientos de Tumbas del Medio San Juan, el Ministerio de Cultura entreg\u00f3 la Resoluci\u00f3n[&#8230;]<\/p>\n","protected":false},"author":1,"featured_media":5566,"comment_status":"open","ping_status":"open","sticky":false,"template":"","format":"standard","meta":{"footnotes":""},"categories":[4],"tags":[],"_links":{"self":[{"href":"https:\/\/emisora.univalle.edu.co\/index.php\/wp-json\/wp\/v2\/posts\/5565"}],"collection":[{"href":"https:\/\/emisora.univalle.edu.co\/index.php\/wp-json\/wp\/v2\/posts"}],"about":[{"href":"https:\/\/emisora.univalle.edu.co\/index.php\/wp-json\/wp\/v2\/types\/post"}],"author":[{"embeddable":true,"href":"https:\/\/emisora.univalle.edu.co\/index.php\/wp-json\/wp\/v2\/users\/1"}],"replies":[{"embeddable":true,"href":"https:\/\/emisora.univalle.edu.co\/index.php\/wp-json\/wp\/v2\/comments?post=5565"}],"version-history":[{"count":1,"href":"https:\/\/emisora.univalle.edu.co\/index.php\/wp-json\/wp\/v2\/posts\/5565\/revisions"}],"predecessor-version":[{"id":5567,"href":"https:\/\/emisora.univalle.edu.co\/index.php\/wp-json\/wp\/v2\/posts\/5565\/revisions\/5567"}],"wp:featuredmedia":[{"embeddable":true,"href":"https:\/\/emisora.univalle.edu.co\/index.php\/wp-json\/wp\/v2\/media\/5566"}],"wp:attachment":[{"href":"https:\/\/emisora.univalle.edu.co\/index.php\/wp-json\/wp\/v2\/media?parent=5565"}],"wp:term":[{"taxonomy":"category","embeddable":true,"href":"https:\/\/emisora.univalle.edu.co\/index.php\/wp-json\/wp\/v2\/categories?post=5565"},{"taxonomy":"post_tag","embeddable":true,"href":"https:\/\/emisora.univalle.edu.co\/index.php\/wp-json\/wp\/v2\/tags?post=5565"}],"curies":[{"name":"wp","href":"https:\/\/api.w.org\/{rel}","templated":true}]}}