{"id":5584,"date":"2015-07-23T15:00:47","date_gmt":"2015-07-23T20:00:47","guid":{"rendered":"https:\/\/emisora.univalle.edu.co\/\/?p=5584"},"modified":"2015-07-23T15:00:47","modified_gmt":"2015-07-23T20:00:47","slug":"encuentro-regional-de-responsables-de-cultura-2015","status":"publish","type":"post","link":"https:\/\/emisora.univalle.edu.co\/index.php\/encuentro-regional-de-responsables-de-cultura-2015\/","title":{"rendered":"I Encuentro Regional de responsables de Cultura 2015"},"content":{"rendered":"<p><span style=\"line-height: 1.5em;\">La Secretar\u00eda de Cultura Departamental con el acompa\u00f1amiento del Ministerio de Cultura realizar\u00e1 hoy Jueves 23 y viernes 24 de julio, en\u00a0 el Hotel HAUS de la ciudad de Cali, el\u00a0 Primer Encuentro Regional de Responsables de Cultura del 2015.<\/span><\/p>\n<p><span style=\"line-height: 1.5em;\">Esta jornada tiene como objetivo articular las agendas de trabajo entre el Ministerio de Cultura, la Gobernaci\u00f3n del Valle\u00a0 y dem\u00e1s entes territoriales, para atender las necesidades en materia cultural y concertar acciones conjuntas que permitan fortalecer los procesos culturales, a partir de los Planes de Acci\u00f3n Cultural que se elaboran a principios de cada a\u00f1o.<\/span><\/p>\n<p><span style=\"line-height: 1.5em;\">En el evento, representantes de los 42 municipios del Departamento, conocer\u00e1n\u00a0 el Plan de Acci\u00f3n de la Secretar\u00eda Departamental de Cultura; el Programa Nacional de Concertaci\u00f3n 2016 del Ministerio de Cultura, la Estrategia de acompa\u00f1amiento 2015 de la Direcci\u00f3n de Fomento Regional, los resultados\u00a0 del primer semestre y el componente cultural\u00a0 del\u00a0 Plan Nacional de Desarrollo 2014-2018.<\/span><\/p>\n<p><span style=\"line-height: 1.5em;\">Estos encuentros son fundamentales para fortalecer las pol\u00edticas culturales de una regi\u00f3n. En ellos, los participantes realizan talleres que permiten identificar\u00a0 programas y proyectos que merecen tener continuidad en los pr\u00f3ximos gobiernos, pues est\u00e1n construidos a partir de las siete l\u00edneas estrat\u00e9gicas del Plan de Desarrollo Nacional y de las experiencias significativas de los municipios del Valle del Cauca.<\/span><\/p>\n<p><span style=\"line-height: 1.5em;\">\u201cLa apropiaci\u00f3n de la cultura hace parte de un proceso de desarrollo social abierto a las ideas y a los m\u00e9todos, queremos que cada vez mas los vallecaucanos sientan el inter\u00e9s de trabajar en procesos culturales, en conocer los estatutos que los rigen y construir juntos un departamento que visualice su desarrollo desde la creatividad art\u00edstica y el arraigo cultural\u201d afirm\u00f3<\/span><\/p>\n<p>Fuente: Comunicaciones Gobernaci\u00f3n<\/p>\n","protected":false},"excerpt":{"rendered":"<p>La Secretar\u00eda de Cultura Departamental con el acompa\u00f1amiento del Ministerio de Cultura realizar\u00e1 hoy Jueves 23 y viernes 24 de julio, en\u00a0 el Hotel HAUS de la ciudad de Cali, el\u00a0 Primer Encuentro Regional de Responsables de Cultura del 2015. Esta jornada tiene como objetivo articular las agendas de trabajo[&#8230;]<\/p>\n","protected":false},"author":1,"featured_media":5576,"comment_status":"open","ping_status":"open","sticky":false,"template":"","format":"standard","meta":{"footnotes":""},"categories":[4],"tags":[],"_links":{"self":[{"href":"https:\/\/emisora.univalle.edu.co\/index.php\/wp-json\/wp\/v2\/posts\/5584"}],"collection":[{"href":"https:\/\/emisora.univalle.edu.co\/index.php\/wp-json\/wp\/v2\/posts"}],"about":[{"href":"https:\/\/emisora.univalle.edu.co\/index.php\/wp-json\/wp\/v2\/types\/post"}],"author":[{"embeddable":true,"href":"https:\/\/emisora.univalle.edu.co\/index.php\/wp-json\/wp\/v2\/users\/1"}],"replies":[{"embeddable":true,"href":"https:\/\/emisora.univalle.edu.co\/index.php\/wp-json\/wp\/v2\/comments?post=5584"}],"version-history":[{"count":1,"href":"https:\/\/emisora.univalle.edu.co\/index.php\/wp-json\/wp\/v2\/posts\/5584\/revisions"}],"predecessor-version":[{"id":5585,"href":"https:\/\/emisora.univalle.edu.co\/index.php\/wp-json\/wp\/v2\/posts\/5584\/revisions\/5585"}],"wp:featuredmedia":[{"embeddable":true,"href":"https:\/\/emisora.univalle.edu.co\/index.php\/wp-json\/wp\/v2\/media\/5576"}],"wp:attachment":[{"href":"https:\/\/emisora.univalle.edu.co\/index.php\/wp-json\/wp\/v2\/media?parent=5584"}],"wp:term":[{"taxonomy":"category","embeddable":true,"href":"https:\/\/emisora.univalle.edu.co\/index.php\/wp-json\/wp\/v2\/categories?post=5584"},{"taxonomy":"post_tag","embeddable":true,"href":"https:\/\/emisora.univalle.edu.co\/index.php\/wp-json\/wp\/v2\/tags?post=5584"}],"curies":[{"name":"wp","href":"https:\/\/api.w.org\/{rel}","templated":true}]}}